{"id":6239,"date":"2025-07-05T15:16:29","date_gmt":"2025-07-05T15:16:29","guid":{"rendered":"https:\/\/informacionlocal.es\/pajara-ospita-la-presentazione-del-libro-la-teneria-de-mesque\/"},"modified":"2025-07-05T15:16:29","modified_gmt":"2025-07-05T15:16:29","slug":"pajara-ospita-la-presentazione-del-libro-la-teneria-de-mesque","status":"publish","type":"post","link":"https:\/\/informacionlocal.es\/it\/pajara-ospita-la-presentazione-del-libro-la-teneria-de-mesque\/","title":{"rendered":"P\u00e1jara ospita la presentazione del libro &#8220;La Tener\u00eda de Mesque&#8221;."},"content":{"rendered":"<div class=\"entry-content\">\n<p><b><i>Il lavoro del ricercatore Antonio Cabrera Robayna sar\u00e0 presentato mercoled\u00ec 25 giugno presso il Pepe D\u00e1maso Arts Space.<\/i><\/b><\/p>\n<p><span>Il Comune di P\u00e1jara collabora alla presentazione del libro &#8220;La Tener\u00eda de Mesque. L&#8217;ultima conceria delle Canarie&#8221;, un lavoro di ricerca e documentazione realizzato dall&#8217;artigiano e ricercatore Antonio Cabrera Robayna. L&#8217;evento, promosso dal Cabildo di Fuerteventura, si terr\u00e0 mercoled\u00ec 25 giugno alle 19:00 nello Spazio delle Arti Pepe D\u00e1maso. <\/span><\/p>\n<p><span>All&#8217;evento parteciperanno l&#8217;autore, rappresentanti istituzionali ed esperti di cultura e patrimonio, che metteranno in luce l&#8217;eredit\u00e0 storica contenuta in questa pubblicazione.<\/span><\/p>\n<p><span>La presidente del Cabildo di Fuerteventura, Lola Garc\u00eda, ha espresso &#8220;il privilegio di presentare un&#8217;opera essenziale che ci permette di guardare con rispetto e ammirazione al passato produttivo e culturale della nostra isola&#8221;, &#8220;una pubblicazione che \u00e8 stata possibile grazie al lavoro del ricercatore Antonio Cabrera Robayna, nonch\u00e9 al lavoro congiunto tra i Beni Culturali del Cabildo e il Municipio di P\u00e1jara&#8221;.  <\/span><\/p>\n<p><span>Il sindaco di P\u00e1jara, Alejandro Jorge, sottolinea l&#8217;importanza dell&#8217;evento e della pubblicazione. &#8220;Ci ricorda chi eravamo e ci ispira a proteggere la conoscenza delle nostre generazioni precedenti. Da parte del Comune ringraziamo il Cabildo per la pubblicazione del grande lavoro svolto da Antonio Cabrera, che mette in evidenza il valore dell&#8217;ultima conceria delle Isole Canarie, situata proprio nel nostro comune&#8221;, afferma. <\/span><\/p>\n<p><span>Secondo l&#8217;assessore ai Beni culturali, Rayco Le\u00f3n, &#8220;l&#8217;obiettivo di questo lavoro congiunto \u00e8 quello di preservare la memoria di un&#8217;attivit\u00e0 produttiva tradizionale, come preziosa testimonianza del nostro patrimonio&#8221;.<\/span><\/p>\n<p><span>Da parte sua, l&#8217;assessore alla Cultura, Raquel Acosta, sottolinea la portata simbolica e sociale dell&#8217;opera. &#8220;Antonio Cabrera non solo ha indagato con rigore, ma ha anche dato voce e contesto a un mestiere che parla di fatica, ingegno e di un modo di vivere che non dobbiamo dimenticare. Invitiamo tutti a partecipare a questo incontro con la storia&#8221;, afferma. <\/span><\/p>\n<p><span>Questo lavoro \u00e8 un riconoscimento di un&#8217;attivit\u00e0 fondamentale nell&#8217;economia rurale del passato e un impegno a preservare e trasmettere le conoscenze tradizionali che definiscono l&#8217;identit\u00e0 dell&#8217;isola.  <\/span><\/p>\n<p><img fetchpriority=\"high\" decoding=\"async\" class=\"alignnone size-medium wp-image-20557\" src=\"https:\/\/informacionlocal.es\/wp-content\/uploads\/2025\/07\/la-tenericc81a-de-mesque-212x300-1.jpg\" width=\"212\" height=\"300\" title=\"la-tenericc81a-de-mesque-212x300-1\"><\/p>\n<\/div>\n","protected":false},"excerpt":{"rendered":"<p><i>Il lavoro del ricercatore Antonio Cabrera Robayna sar\u00e0 presentato mercoled\u00ec 25 giugno presso il Pepe D\u00e1maso Arts Space.<\/i><\/p>\n","protected":false},"author":1,"featured_media":6233,"comment_status":"open","ping_status":"open","sticky":false,"template":"","format":"standard","meta":{"inline_featured_image":false,"jnews-multi-image_gallery":[],"jnews_single_post":[],"jnews_primary_category":[],"jnews_social_meta":[],"jnews_override_counter":[],"jnews_post_split":[],"footnotes":""},"categories":[298],"tags":[223],"class_list":["post-6239","post","type-post","status-publish","format-standard","has-post-thumbnail","hentry","category-pajara-it","tag-fuerteventura-it"],"jetpack_featured_media_url":"https:\/\/informacionlocal.es\/wp-content\/uploads\/2025\/07\/teneria-mesques.jpg","_links":{"self":[{"href":"https:\/\/informacionlocal.es\/it\/wp-json\/wp\/v2\/posts\/6239","targetHints":{"allow":["GET"]}}],"collection":[{"href":"https:\/\/informacionlocal.es\/it\/wp-json\/wp\/v2\/posts"}],"about":[{"href":"https:\/\/informacionlocal.es\/it\/wp-json\/wp\/v2\/types\/post"}],"author":[{"embeddable":true,"href":"https:\/\/informacionlocal.es\/it\/wp-json\/wp\/v2\/users\/1"}],"replies":[{"embeddable":true,"href":"https:\/\/informacionlocal.es\/it\/wp-json\/wp\/v2\/comments?post=6239"}],"version-history":[{"count":0,"href":"https:\/\/informacionlocal.es\/it\/wp-json\/wp\/v2\/posts\/6239\/revisions"}],"wp:featuredmedia":[{"embeddable":true,"href":"https:\/\/informacionlocal.es\/it\/wp-json\/wp\/v2\/media\/6233"}],"wp:attachment":[{"href":"https:\/\/informacionlocal.es\/it\/wp-json\/wp\/v2\/media?parent=6239"}],"wp:term":[{"taxonomy":"category","embeddable":true,"href":"https:\/\/informacionlocal.es\/it\/wp-json\/wp\/v2\/categories?post=6239"},{"taxonomy":"post_tag","embeddable":true,"href":"https:\/\/informacionlocal.es\/it\/wp-json\/wp\/v2\/tags?post=6239"}],"curies":[{"name":"wp","href":"https:\/\/api.w.org\/{rel}","templated":true}]}}