{"id":6224,"date":"2025-07-05T14:15:35","date_gmt":"2025-07-05T14:15:35","guid":{"rendered":"https:\/\/informacionlocal.es\/la-passeggiata-notturna-di-antigua-sorprende-con-la-narrazione-drammatizzata-di-storie-che-hanno-avuto-luogo-sul-sentiero-anni-fa\/"},"modified":"2025-07-05T14:15:35","modified_gmt":"2025-07-05T14:15:35","slug":"la-passeggiata-notturna-di-antigua-sorprende-con-la-narrazione-drammatizzata-di-storie-che-hanno-avuto-luogo-sul-sentiero-anni-fa","status":"publish","type":"post","link":"https:\/\/informacionlocal.es\/it\/la-passeggiata-notturna-di-antigua-sorprende-con-la-narrazione-drammatizzata-di-storie-che-hanno-avuto-luogo-sul-sentiero-anni-fa\/","title":{"rendered":"La Passeggiata notturna di Antigua sorprende con la narrazione drammatizzata di storie che hanno avuto luogo sul sentiero anni fa."},"content":{"rendered":"<div class=\"elementor-widget-container\">\n<p><strong>La Passeggiata notturna di Antigua sorprende con la narrazione drammatizzata di storie che hanno avuto luogo sul sentiero anni fa.<\/strong><\/p>\n<p><strong>&#8211; Caldos alla partenza e asadero all&#8217;arrivo alla Passeggiata notturna organizzata dal Comune di Antigua questo sabato da Valles de Ortega a Tiscamanita.<\/strong><\/p>\n<p>Questo deve essere ripetuto, \u00e8 stato il commento pi\u00f9 sentito alla fine della passeggiata notturna, iniziata a Valles de Ortega degustando i vini dei vigneti di Jacobo Negr\u00edn e terminata a Tiscamanita intorno alle braci di un barbecue per recuperare le forze.<\/p>\n<p>Durante il percorso, a notte fonda e alla luce di una lanterna, gli escursionisti hanno assistito a una narrazione drammatizzata in cui hanno scoperto i misteri che si sono verificati, le storie e le ragioni, siano esse di lavoro, di emergenza o di amori segreti, che hanno spinto molti di loro, anni fa, a percorrere gli stessi itinerari nelle ore di buio.<\/p>\n<p>Le passeggiate, organizzate dai dipartimenti della Giovent\u00f9 e dello Sport del Comune di Antigua, fanno parte del programma di successo Antigua se mueve, a cui \u00e8 sempre possibile iscriversi gratuitamente quindici giorni prima dell&#8217;inizio della passeggiata.<\/p>\n<p>Il Comune di Antigua mette a disposizione mezzi di trasporto, guide e tutto ci\u00f2 che \u00e8 necessario per il massimo divertimento di tutti i partecipanti, e il sindaco, Mat\u00edas Pe\u00f1a, ci ricorda che ci sono un totale di sette itinerari che permettono di percorrere sentieri e percorsi, conoscendone la storia, gli aneddoti e le caratteristiche.<\/p>\n<p>I percorsi proposti finora sono stati da Antigua a Valle Santa In\u00e9s, da Corralejo a Lajares, partecipando all&#8217;ultimo evento tenutosi nella Gambuesa del Alto del Jurado e ora a questa divertente Passeggiata notturna da Valles de Ortega a Tiscamanita, spiega l&#8217;assessore allo Sport, Samuel Torres.<\/p>\n<p>Le prossime passeggiate da luglio a settembre, spiega il consigliere Pedro M. Armas, saranno da Guisguey a La Caldereta a luglio, da Antigua a Morro Janana e Agua de Bueyes a settembre e da P\u00e1jara a El Card\u00f3n a met\u00e0 ottobre.<\/p>\n<\/p>\n<\/div>\n","protected":false},"excerpt":{"rendered":"<p><strong>La Passeggiata notturna di Antigua sorprende con la narrazione drammatizzata di storie che hanno avuto luogo sul sentiero anni fa.<\/strong><\/p>\n","protected":false},"author":1,"featured_media":6221,"comment_status":"open","ping_status":"open","sticky":false,"template":"","format":"standard","meta":{"inline_featured_image":false,"jnews-multi-image_gallery":[],"jnews_single_post":[],"jnews_primary_category":[],"jnews_social_meta":[],"jnews_override_counter":[],"jnews_post_split":[],"footnotes":""},"categories":[282],"tags":[],"class_list":["post-6224","post","type-post","status-publish","format-standard","has-post-thumbnail","hentry","category-antigua-it"],"jetpack_featured_media_url":"https:\/\/informacionlocal.es\/wp-content\/uploads\/2025\/07\/img-20250630-wa0010.jpg","_links":{"self":[{"href":"https:\/\/informacionlocal.es\/it\/wp-json\/wp\/v2\/posts\/6224","targetHints":{"allow":["GET"]}}],"collection":[{"href":"https:\/\/informacionlocal.es\/it\/wp-json\/wp\/v2\/posts"}],"about":[{"href":"https:\/\/informacionlocal.es\/it\/wp-json\/wp\/v2\/types\/post"}],"author":[{"embeddable":true,"href":"https:\/\/informacionlocal.es\/it\/wp-json\/wp\/v2\/users\/1"}],"replies":[{"embeddable":true,"href":"https:\/\/informacionlocal.es\/it\/wp-json\/wp\/v2\/comments?post=6224"}],"version-history":[{"count":0,"href":"https:\/\/informacionlocal.es\/it\/wp-json\/wp\/v2\/posts\/6224\/revisions"}],"wp:featuredmedia":[{"embeddable":true,"href":"https:\/\/informacionlocal.es\/it\/wp-json\/wp\/v2\/media\/6221"}],"wp:attachment":[{"href":"https:\/\/informacionlocal.es\/it\/wp-json\/wp\/v2\/media?parent=6224"}],"wp:term":[{"taxonomy":"category","embeddable":true,"href":"https:\/\/informacionlocal.es\/it\/wp-json\/wp\/v2\/categories?post=6224"},{"taxonomy":"post_tag","embeddable":true,"href":"https:\/\/informacionlocal.es\/it\/wp-json\/wp\/v2\/tags?post=6224"}],"curies":[{"name":"wp","href":"https:\/\/api.w.org\/{rel}","templated":true}]}}