{"id":6202,"date":"2025-07-05T11:59:47","date_gmt":"2025-07-05T11:59:47","guid":{"rendered":"https:\/\/informacionlocal.es\/pajara-lancia-il-progetto-donne-di-mare-per-rendere-visibile-la-storia-e-la-voce-femminile-del-comune\/"},"modified":"2025-07-05T11:59:47","modified_gmt":"2025-07-05T11:59:47","slug":"pajara-lancia-il-progetto-donne-di-mare-per-rendere-visibile-la-storia-e-la-voce-femminile-del-comune","status":"publish","type":"post","link":"https:\/\/informacionlocal.es\/it\/pajara-lancia-il-progetto-donne-di-mare-per-rendere-visibile-la-storia-e-la-voce-femminile-del-comune\/","title":{"rendered":"P\u00e1jara lancia il progetto &#8220;Donne di mare&#8221; per rendere visibile la storia e la voce femminile del comune."},"content":{"rendered":"<div class=\"entry-content\">\n<p><b><i>L&#8217;attivit\u00e0 si svolger\u00e0 dal 7 al 13 luglio e le iscrizioni sono aperte fino al 7 luglio a mezzogiorno, con posti limitati.<\/i><\/b><\/p>\n<p><span>L&#8217;Assessorato ai Servizi Sociali del Comune di P\u00e1jara ha lanciato il laboratorio &#8220;La donna del mare&#8221;, una proposta creativa nell&#8217;ambito del Programma Donna, che incoraggia la partecipazione delle donne adulte del Comune.  <\/span><\/p>\n<p><span>Questo progetto, finanziato attraverso il Patto di Stato contro la violenza di genere e con fondi propri del Comune, nasce con l&#8217;obiettivo di rendere visibile e rendere omaggio al ruolo fondamentale delle donne nella storia del Comune, in particolare al loro legame con il mare.  <\/span><\/p>\n<p><span>L&#8217;assessore ai Servizi sociali, Kathaisa Rodr\u00edguez, sottolinea che &#8220;si tratta di un laboratorio di autoesplorazione creativa in cui le parole e la scrittura vengono utilizzate come strumenti per la conoscenza di s\u00e9&#8221;. Aggiunge che &#8220;la proposta, con una prospettiva di genere, cerca di risignificare le esperienze personali e collettive delle donne, costruendo un ponte tra il corpo e l&#8217;isola&#8221;.   <\/span><\/p>\n<p><span>L&#8217;attivit\u00e0 sar\u00e0 condotta da Lorena L\u00f3pez Medina, istruttrice di workshop con esperienza in scrittura, narrazione e recitazione, che guider\u00e0 il gruppo durante il processo creativo.  <\/span><\/p>\n<p><span>Nel corso di cinque incontri dal 7 all&#8217;11 luglio, dalle 17.30 alle 19.30 presso la Casa de la Juventud di Morro Jable, i partecipanti rifletteranno collettivamente su aspetti quali l&#8217;identit\u00e0, i legami affettivi e il ruolo della donna in contesti rurali e marini. Per concludere il processo, il gruppo presenter\u00e0 una performance finale nel pomeriggio di domenica 13 luglio, nell&#8217;ambito delle Fiestas de Nuestra Se\u00f1ora del Carmen a Morro Jable.   <\/span><\/p>\n<p><span>Le donne interessate a partecipare possono iscriversi chiamando o inviando un WhatsApp al 628 763 838, dalle 7:30 alle 13:30, o via e-mail a <\/span><span>serviciossociales@pajara.es<\/span><span>. Le iscrizioni saranno aperte fino a luned\u00ec 7 luglio alle 12:00. Il workshop ha una capacit\u00e0 massima di 12 posti, che saranno assegnati in base all&#8217;ordine di arrivo.  <\/span><\/p>\n<\/div>\n","protected":false},"excerpt":{"rendered":"<p><i>L&#8217;attivit\u00e0 si svolger\u00e0 dal 7 al 13 luglio e le iscrizioni sono aperte fino al 7 luglio a mezzogiorno, con posti limitati.<\/i><\/p>\n","protected":false},"author":1,"featured_media":6197,"comment_status":"open","ping_status":"open","sticky":false,"template":"","format":"standard","meta":{"inline_featured_image":false,"jnews-multi-image_gallery":[],"jnews_single_post":[],"jnews_primary_category":[],"jnews_social_meta":[],"jnews_override_counter":[],"jnews_post_split":[],"footnotes":""},"categories":[298],"tags":[],"class_list":["post-6202","post","type-post","status-publish","format-standard","has-post-thumbnail","hentry","category-pajara-it"],"jetpack_featured_media_url":"https:\/\/informacionlocal.es\/wp-content\/uploads\/2025\/07\/imagen-e1750929670459.png","_links":{"self":[{"href":"https:\/\/informacionlocal.es\/it\/wp-json\/wp\/v2\/posts\/6202","targetHints":{"allow":["GET"]}}],"collection":[{"href":"https:\/\/informacionlocal.es\/it\/wp-json\/wp\/v2\/posts"}],"about":[{"href":"https:\/\/informacionlocal.es\/it\/wp-json\/wp\/v2\/types\/post"}],"author":[{"embeddable":true,"href":"https:\/\/informacionlocal.es\/it\/wp-json\/wp\/v2\/users\/1"}],"replies":[{"embeddable":true,"href":"https:\/\/informacionlocal.es\/it\/wp-json\/wp\/v2\/comments?post=6202"}],"version-history":[{"count":0,"href":"https:\/\/informacionlocal.es\/it\/wp-json\/wp\/v2\/posts\/6202\/revisions"}],"wp:featuredmedia":[{"embeddable":true,"href":"https:\/\/informacionlocal.es\/it\/wp-json\/wp\/v2\/media\/6197"}],"wp:attachment":[{"href":"https:\/\/informacionlocal.es\/it\/wp-json\/wp\/v2\/media?parent=6202"}],"wp:term":[{"taxonomy":"category","embeddable":true,"href":"https:\/\/informacionlocal.es\/it\/wp-json\/wp\/v2\/categories?post=6202"},{"taxonomy":"post_tag","embeddable":true,"href":"https:\/\/informacionlocal.es\/it\/wp-json\/wp\/v2\/tags?post=6202"}],"curies":[{"name":"wp","href":"https:\/\/api.w.org\/{rel}","templated":true}]}}