{"id":6188,"date":"2025-07-05T11:27:43","date_gmt":"2025-07-05T11:27:43","guid":{"rendered":"https:\/\/informacionlocal.es\/il-rock-dal-vivo-e-in-strada-torna-questo-sabato-a-el-castillo\/"},"modified":"2025-07-05T11:27:43","modified_gmt":"2025-07-05T11:27:43","slug":"il-rock-dal-vivo-e-in-strada-torna-questo-sabato-a-el-castillo","status":"publish","type":"post","link":"https:\/\/informacionlocal.es\/it\/il-rock-dal-vivo-e-in-strada-torna-questo-sabato-a-el-castillo\/","title":{"rendered":"Il rock dal vivo e in strada torna questo sabato a El Castillo"},"content":{"rendered":"<div class=\"elementor-widget-container\">\n<p><strong>Il rock dal vivo e in strada torna questo sabato a El Castillo<\/strong><\/p>\n<p><strong>&#8211; Il programma El Castillo es M\u00fasica y Diversi\u00f3n prosegue questo sabato dalle 17:00 alle 20:00 in via Juan Ram\u00f3n Soto Morales.<\/strong><\/p>\n<p>Il Municipio di Antigua del Dipartimento del Commercio organizza l&#8217;iniziativa di strada e dinamica El Castillo es m\u00fasica y Diversi\u00f3n, con la collaborazione del Cabildo de Fuerteventura.<\/p>\n<p>Questo sabato 5 luglio dalle ore 17:00 alle ore 20:00 in via Juan Ram\u00f3n Soto Morales potremo godere, dice l&#8217;assessore al Commercio, Giuseppe Signorino, del gruppo The Rock Machine con le canzoni numero uno della storia del rock, del blues e del pop.<\/p>\n<p>L&#8217;idea \u00e8 quella di invitare le persone a scendere in strada, a passeggiare e a godersi le aree pedonali di Caleta de Fuste, offrendo sorprese musicali come questo spettacolo dal vivo in strada, dice l&#8217;assessore Signorino, invitando a conoscere le aree commerciali e locali e i vari stabilimenti di questa citt\u00e0.<\/p>\n<p>L&#8217;Assessore al Commercio ricorda inoltre che in questo stesso fine settimana, il venerd\u00ec pomeriggio nella Plaza de El Castillo si potr\u00e0 visitare il Mercato delle Variet\u00e0 con musica di sottofondo e un&#8217;area per il divertimento dei bambini.<\/p>\n<p>A Caleta de Fuste, cos\u00ec come nel resto delle citt\u00e0 e dei villaggi di Antigua, \u00e8 prevista un&#8217;estate ricca di attivit\u00e0 commerciali, culturali, festive e sportive, afferma il sindaco Mat\u00edas Pe\u00f1a, alcune delle quali sono gi\u00e0 state annunciate e altre lo saranno a breve, a completamento di un&#8217;estate attraente e dinamica per tutti i gusti in tutto il territorio comunale.<\/p>\n<\/div>\n","protected":false},"excerpt":{"rendered":"<p><strong>Il rock dal vivo e in strada torna questo sabato a El Castillo<\/strong><\/p>\n","protected":false},"author":1,"featured_media":6185,"comment_status":"open","ping_status":"open","sticky":false,"template":"","format":"standard","meta":{"inline_featured_image":false,"jnews-multi-image_gallery":[],"jnews_single_post":[],"jnews_primary_category":[],"jnews_social_meta":[],"jnews_override_counter":[],"jnews_post_split":[],"footnotes":""},"categories":[282],"tags":[223],"class_list":["post-6188","post","type-post","status-publish","format-standard","has-post-thumbnail","hentry","category-antigua-it","tag-fuerteventura-it"],"jetpack_featured_media_url":"https:\/\/informacionlocal.es\/wp-content\/uploads\/2025\/07\/img-20250629-wa0029.jpg","_links":{"self":[{"href":"https:\/\/informacionlocal.es\/it\/wp-json\/wp\/v2\/posts\/6188","targetHints":{"allow":["GET"]}}],"collection":[{"href":"https:\/\/informacionlocal.es\/it\/wp-json\/wp\/v2\/posts"}],"about":[{"href":"https:\/\/informacionlocal.es\/it\/wp-json\/wp\/v2\/types\/post"}],"author":[{"embeddable":true,"href":"https:\/\/informacionlocal.es\/it\/wp-json\/wp\/v2\/users\/1"}],"replies":[{"embeddable":true,"href":"https:\/\/informacionlocal.es\/it\/wp-json\/wp\/v2\/comments?post=6188"}],"version-history":[{"count":0,"href":"https:\/\/informacionlocal.es\/it\/wp-json\/wp\/v2\/posts\/6188\/revisions"}],"wp:featuredmedia":[{"embeddable":true,"href":"https:\/\/informacionlocal.es\/it\/wp-json\/wp\/v2\/media\/6185"}],"wp:attachment":[{"href":"https:\/\/informacionlocal.es\/it\/wp-json\/wp\/v2\/media?parent=6188"}],"wp:term":[{"taxonomy":"category","embeddable":true,"href":"https:\/\/informacionlocal.es\/it\/wp-json\/wp\/v2\/categories?post=6188"},{"taxonomy":"post_tag","embeddable":true,"href":"https:\/\/informacionlocal.es\/it\/wp-json\/wp\/v2\/tags?post=6188"}],"curies":[{"name":"wp","href":"https:\/\/api.w.org\/{rel}","templated":true}]}}