{"id":6177,"date":"2025-07-05T10:04:07","date_gmt":"2025-07-05T10:04:07","guid":{"rendered":"https:\/\/informacionlocal.es\/il-campo-estivo-culturale-inizia-alla-casa-della-cultura-di-puerto-del-rosario-con-la-partecipazione-di-50-giovani\/"},"modified":"2025-07-05T10:04:07","modified_gmt":"2025-07-05T10:04:07","slug":"il-campo-estivo-culturale-inizia-alla-casa-della-cultura-di-puerto-del-rosario-con-la-partecipazione-di-50-giovani","status":"publish","type":"post","link":"https:\/\/informacionlocal.es\/it\/il-campo-estivo-culturale-inizia-alla-casa-della-cultura-di-puerto-del-rosario-con-la-partecipazione-di-50-giovani\/","title":{"rendered":"Il Campo estivo culturale inizia alla Casa della Cultura di Puerto del Rosario con la partecipazione di 50 giovani."},"content":{"rendered":"<div class=\"entry-content\">\n<p>Marted\u00ec 1\u00b0 luglio, presso la Casa della Cultura di Puerto del Rosario, \u00e8 iniziata una nuova edizione del Campo Culturale Estivo, una proposta che non solo riempie di vita lo spazio culturale del comune, ma offre anche a 50 ragazzi e ragazze tra gli 11 e i 16 anni l&#8217;opportunit\u00e0 di vivere un&#8217;estate diversa, creativa e totalmente gratuita.<\/p>\n<p>Con zaini pieni di entusiasmo e talento da scoprire, i partecipanti sono stati accolti dall&#8217;Assessore alla Cultura, Juan Manuel Verdugo, e dal coordinatore del campo, Domingo Saavedra, direttore della Scuola di Musica La Nueva Saga. Il benvenuto ha incluso la consegna di magliette e braccialetti che identificano gi\u00e0 questo gruppo che condivider\u00e0 esperienze, risate e molte ore di arte per tutto il mese di luglio. Un primo contatto in cui hanno iniziato a conoscersi, a condividere le loro passioni e a dimostrare che i giovani talenti di Puerto del Rosario sono pi\u00f9 vivi che mai.  <\/p>\n<p>Il sindaco di Puerto del Rosario, David de Vera, valuta molto positivamente questa iniziativa: &#8220;il Campo Culturale Estivo \u00e8 un chiaro esempio dell&#8217;impegno di questo Municipio nei confronti dei giovani e della cultura. Offrire uno spazio gratuito per la formazione artistica significa seminare<br \/>futuro, talento e comunit\u00e0&#8221;. <\/p>\n<p>&#8220;Quello che inizia oggi \u00e8 molto pi\u00f9 di un campo: \u00e8 uno spazio per esprimersi, per creare, per perdere la paura del palcoscenico e, chiss\u00e0, forse per scoprire una vocazione che li accompagner\u00e0 per tutta la vita&#8221;, ha detto il consigliere Juan Manuel Verdugo.<\/p>\n<p>I primi momenti sono stati un&#8217;occasione per i partecipanti di conoscersi. Domingo Saavedra ha interagito con loro, chiedendo se avessero esperienze artistiche precedenti, e rapidamente sono emersi diversi talenti: giovani che suonavano strumenti, cantavano, ballavano&#8230; L&#8217;atmosfera vibrava di un&#8217;energia creativa che lasciava presagire un mese pieno di apprendimento artistico<br \/>. <\/p>\n<p>Per tutta la durata del campo, i giovani potranno partecipare a laboratori guidati da professionisti di diverse discipline artistiche:<br \/>Stefy Faga &#8211; Circo<br \/>Lolo Mart\u00edn &#8211; Teatro<br \/>Ren\u00e9 &#8211; Danza<br \/>Cristina Quesada &#8211; Cinema e Letteratura<br \/>Marina DiMaio &#8211; Teatro Musicale<br \/>Desir\u00e9 Santana &#8211; Laboratorio DJ<br \/>Domingo Saavedra &#8211; Coordinamento e Musica<\/p>\n<p>Il tocco finale arriver\u00e0 alla fine di luglio con uno spettacolo in cui mostreranno tutto ci\u00f2 che hanno imparato davanti alle loro famiglie, evidenziando il lavoro collettivo e la crescita personale di ognuno di loro.<\/p>\n<p>Con proposte come questa, Puerto del Rosario rafforza il suo impegno per la cultura e la promozione dei giovani talenti perch\u00e9, dopo questa estate, forse ci sar\u00e0 chi scoprir\u00e0 che l&#8217;arte non \u00e8 solo un&#8217;attivit\u00e0 vacanziera&#8230; ma un percorso da seguire.<\/p>\n<\/div>\n","protected":false},"excerpt":{"rendered":"<p>Marted\u00ec 1\u00b0 luglio, presso la Casa della Cultura di Puerto del Rosario, \u00e8 iniziata una nuova edizione del Campo Culturale Estivo, una proposta che non solo riempie di vita lo [&hellip;]<\/p>\n","protected":false},"author":1,"featured_media":6173,"comment_status":"open","ping_status":"open","sticky":false,"template":"","format":"standard","meta":{"inline_featured_image":false,"jnews-multi-image_gallery":[],"jnews_single_post":[],"jnews_primary_category":[],"jnews_social_meta":[],"jnews_override_counter":[],"jnews_post_split":[],"footnotes":""},"categories":[295],"tags":[],"class_list":["post-6177","post","type-post","status-publish","format-standard","has-post-thumbnail","hentry","category-puerto-del-rosario-it"],"jetpack_featured_media_url":"https:\/\/informacionlocal.es\/wp-content\/uploads\/2025\/07\/campa-44-cultural-pre-saavedra-y-ninos-scaled-1.jpg","_links":{"self":[{"href":"https:\/\/informacionlocal.es\/it\/wp-json\/wp\/v2\/posts\/6177","targetHints":{"allow":["GET"]}}],"collection":[{"href":"https:\/\/informacionlocal.es\/it\/wp-json\/wp\/v2\/posts"}],"about":[{"href":"https:\/\/informacionlocal.es\/it\/wp-json\/wp\/v2\/types\/post"}],"author":[{"embeddable":true,"href":"https:\/\/informacionlocal.es\/it\/wp-json\/wp\/v2\/users\/1"}],"replies":[{"embeddable":true,"href":"https:\/\/informacionlocal.es\/it\/wp-json\/wp\/v2\/comments?post=6177"}],"version-history":[{"count":0,"href":"https:\/\/informacionlocal.es\/it\/wp-json\/wp\/v2\/posts\/6177\/revisions"}],"wp:featuredmedia":[{"embeddable":true,"href":"https:\/\/informacionlocal.es\/it\/wp-json\/wp\/v2\/media\/6173"}],"wp:attachment":[{"href":"https:\/\/informacionlocal.es\/it\/wp-json\/wp\/v2\/media?parent=6177"}],"wp:term":[{"taxonomy":"category","embeddable":true,"href":"https:\/\/informacionlocal.es\/it\/wp-json\/wp\/v2\/categories?post=6177"},{"taxonomy":"post_tag","embeddable":true,"href":"https:\/\/informacionlocal.es\/it\/wp-json\/wp\/v2\/tags?post=6177"}],"curies":[{"name":"wp","href":"https:\/\/api.w.org\/{rel}","templated":true}]}}