{"id":6164,"date":"2025-07-05T09:05:32","date_gmt":"2025-07-05T09:05:32","guid":{"rendered":"https:\/\/informacionlocal.es\/il-comune-di-pajara-partecipa-alla-cerimonia-di-consegna-dei-diplomi-di-ecca-edu\/"},"modified":"2025-07-05T09:05:32","modified_gmt":"2025-07-05T09:05:32","slug":"il-comune-di-pajara-partecipa-alla-cerimonia-di-consegna-dei-diplomi-di-ecca-edu","status":"publish","type":"post","link":"https:\/\/informacionlocal.es\/it\/il-comune-di-pajara-partecipa-alla-cerimonia-di-consegna-dei-diplomi-di-ecca-edu\/","title":{"rendered":"Il Comune di P\u00e1jara partecipa alla cerimonia di consegna dei diplomi di Ecca.edu"},"content":{"rendered":"<div class=\"entry-content\">\n<p><b><i>La consigliera Luc\u00eda Darriba sottolinea l&#8217;importanza dell&#8217;istruzione per l&#8217;occupazione e lo sviluppo locale  <\/i><\/b><\/p>\n<p><span>Il Comune di P\u00e1jara ha partecipato alla cerimonia di consegna dei diplomi organizzata da <\/span><span>Ecca.edu<\/span><span>che si \u00e8 svolta marted\u00ec 24 giugno presso il Centro Giovanile dell&#8217;Isola di Fuerteventura. L&#8217;Assessore alla Formazione, all&#8217;Occupazione e allo Sviluppo Locale, Luc\u00eda Darriba, ha partecipato a nome del Concistoro, che si \u00e8 congratulato con gli studenti per il loro sforzo, la loro perseveranza e il loro impegno nella formazione.   <\/span><\/p>\n<p><span>La consigliera ha sottolineato l&#8217;importanza dell&#8217;istruzione come strumento di trasformazione personale e professionale. &#8220;Scommettere sull&#8217;istruzione significa scommettere su un Comune pi\u00f9 preparato, con maggiori opportunit\u00e0 e cittadini pi\u00f9 forti&#8221;, ha dichiarato.   <\/span><\/p>\n<p><span>Ha inoltre aggiunto che &#8220;dal Concistoro continueremo a sostenere questo tipo di iniziative che aprono strade verso l&#8217;occupazione e l&#8217;inclusione sociale&#8221;.  <\/span><\/p>\n<p><span>La cerimonia di consegna dei diplomi ha riunito studenti provenienti da diverse parti dell&#8217;isola che hanno completato con successo la loro formazione attraverso il modello educativo flessibile. In totale, 48 persone hanno conseguito il diploma di istruzione secondaria obbligatoria e 19 il diploma di maturit\u00e0, di cui cinque provenienti dal comune di P\u00e1jara. <\/span><\/p>\n<p><span>L&#8217;evento \u00e8 stato anche una celebrazione dello sforzo condiviso di insegnanti, famiglie e istituzioni che collaborano.  <\/span><\/p>\n<\/div>\n","protected":false},"excerpt":{"rendered":"<p><i>La consigliera Luc\u00eda Darriba sottolinea l&#8217;importanza dell&#8217;istruzione per l&#8217;occupazione e lo sviluppo locale  <\/i><\/p>\n","protected":false},"author":1,"featured_media":6161,"comment_status":"open","ping_status":"open","sticky":false,"template":"","format":"standard","meta":{"inline_featured_image":false,"jnews-multi-image_gallery":[],"jnews_single_post":[],"jnews_primary_category":[],"jnews_social_meta":[],"jnews_override_counter":[],"jnews_post_split":[],"footnotes":""},"categories":[298],"tags":[309,223],"class_list":["post-6164","post","type-post","status-publish","format-standard","has-post-thumbnail","hentry","category-pajara-it","tag-educacion-it","tag-fuerteventura-it"],"jetpack_featured_media_url":"https:\/\/informacionlocal.es\/wp-content\/uploads\/2025\/07\/graduacion-ecca_-edu_-e1751025679872.png","_links":{"self":[{"href":"https:\/\/informacionlocal.es\/it\/wp-json\/wp\/v2\/posts\/6164","targetHints":{"allow":["GET"]}}],"collection":[{"href":"https:\/\/informacionlocal.es\/it\/wp-json\/wp\/v2\/posts"}],"about":[{"href":"https:\/\/informacionlocal.es\/it\/wp-json\/wp\/v2\/types\/post"}],"author":[{"embeddable":true,"href":"https:\/\/informacionlocal.es\/it\/wp-json\/wp\/v2\/users\/1"}],"replies":[{"embeddable":true,"href":"https:\/\/informacionlocal.es\/it\/wp-json\/wp\/v2\/comments?post=6164"}],"version-history":[{"count":0,"href":"https:\/\/informacionlocal.es\/it\/wp-json\/wp\/v2\/posts\/6164\/revisions"}],"wp:featuredmedia":[{"embeddable":true,"href":"https:\/\/informacionlocal.es\/it\/wp-json\/wp\/v2\/media\/6161"}],"wp:attachment":[{"href":"https:\/\/informacionlocal.es\/it\/wp-json\/wp\/v2\/media?parent=6164"}],"wp:term":[{"taxonomy":"category","embeddable":true,"href":"https:\/\/informacionlocal.es\/it\/wp-json\/wp\/v2\/categories?post=6164"},{"taxonomy":"post_tag","embeddable":true,"href":"https:\/\/informacionlocal.es\/it\/wp-json\/wp\/v2\/tags?post=6164"}],"curies":[{"name":"wp","href":"https:\/\/api.w.org\/{rel}","templated":true}]}}