{"id":6127,"date":"2025-07-05T05:59:08","date_gmt":"2025-07-05T05:59:08","guid":{"rendered":"https:\/\/informacionlocal.es\/il-comune-di-pajara-celebra-il-riconoscimento-della-bandiera-blu-come-garanzia-di-spiagge-sicure-e-sostenibili\/"},"modified":"2025-07-05T05:59:08","modified_gmt":"2025-07-05T05:59:08","slug":"il-comune-di-pajara-celebra-il-riconoscimento-della-bandiera-blu-come-garanzia-di-spiagge-sicure-e-sostenibili","status":"publish","type":"post","link":"https:\/\/informacionlocal.es\/it\/il-comune-di-pajara-celebra-il-riconoscimento-della-bandiera-blu-come-garanzia-di-spiagge-sicure-e-sostenibili\/","title":{"rendered":"Il Comune di P\u00e1jara celebra il riconoscimento della bandiera blu come garanzia di spiagge sicure e sostenibili."},"content":{"rendered":"<div class=\"entry-content\">\n<p><b><i>Morro Jable, Costa Calma, Butihondo e El Matorral rinnovano questo riconoscimento che garantisce la qualit\u00e0 delle acque, la sicurezza e l&#8217;accessibilit\u00e0 delle loro aree balneari.<\/i><\/b><\/p>\n<p><span>Oggi, 27 giugno, il Municipio di P\u00e1jara ha celebrato l&#8217;issazione della Bandiera Blu sulla spiaggia di Morro Jable, in un evento che sottolinea ancora una volta il riconoscimento internazionale della qualit\u00e0, della sicurezza, dell&#8217;accessibilit\u00e0 e della sostenibilit\u00e0 ambientale delle sue aree balneari.  <\/span><\/p>\n<p><span>L&#8217;assessore alle Spiagge, Raimundo Dacosta, ha sottolineato che &#8220;ricevere questo premio ancora una volta per le nostre spiagge principali dimostra il lavoro costante svolto dal Comune e con la collaborazione dei diversi servizi per garantire ambienti puliti, sicuri e attraenti per residenti e visitatori&#8221;.  <\/span><\/p>\n<p><span>Da parte sua, l&#8217;assessore all&#8217;Ambiente, \u00c1ngeles Acosta, ha sottolineato che &#8220;questo riconoscimento non solo ci rende orgogliosi, ma ci impone anche di continuare a migliorare&#8221;. Ha aggiunto che &#8220;ci impegniamo per un modello di turismo sostenibile e per spiagge accessibili e di qualit\u00e0 tutto l&#8217;anno&#8221;.   <\/span><\/p>\n<p><span>Per l&#8217;ennesimo anno, le spiagge di Costa Calma, Morro Jable, Butihondo e El Matorral portano con orgoglio questo distintivo, assegnato dalla Fondazione Europea per l&#8217;Educazione Ambientale alle destinazioni che soddisfano criteri rigorosi per la qualit\u00e0 dell&#8217;acqua, la gestione ambientale, il servizio e le strutture.  <\/span><\/p>\n<\/div>\n","protected":false},"excerpt":{"rendered":"<p><i>Morro Jable, Costa Calma, Butihondo e El Matorral rinnovano questo riconoscimento che garantisce la qualit\u00e0 delle acque, la sicurezza e l&#8217;accessibilit\u00e0 delle loro aree balneari.<\/i><\/p>\n","protected":false},"author":1,"featured_media":6123,"comment_status":"open","ping_status":"open","sticky":false,"template":"","format":"standard","meta":{"inline_featured_image":false,"jnews-multi-image_gallery":[],"jnews_single_post":[],"jnews_primary_category":[],"jnews_social_meta":[],"jnews_override_counter":[],"jnews_post_split":[],"footnotes":""},"categories":[298],"tags":[205],"class_list":["post-6127","post","type-post","status-publish","format-standard","has-post-thumbnail","hentry","category-pajara-it","tag-ambiente"],"jetpack_featured_media_url":"https:\/\/informacionlocal.es\/wp-content\/uploads\/2025\/07\/whatsapp-image-2025-06-27-at-14-25-24-e1751037679955.jpeg","_links":{"self":[{"href":"https:\/\/informacionlocal.es\/it\/wp-json\/wp\/v2\/posts\/6127","targetHints":{"allow":["GET"]}}],"collection":[{"href":"https:\/\/informacionlocal.es\/it\/wp-json\/wp\/v2\/posts"}],"about":[{"href":"https:\/\/informacionlocal.es\/it\/wp-json\/wp\/v2\/types\/post"}],"author":[{"embeddable":true,"href":"https:\/\/informacionlocal.es\/it\/wp-json\/wp\/v2\/users\/1"}],"replies":[{"embeddable":true,"href":"https:\/\/informacionlocal.es\/it\/wp-json\/wp\/v2\/comments?post=6127"}],"version-history":[{"count":0,"href":"https:\/\/informacionlocal.es\/it\/wp-json\/wp\/v2\/posts\/6127\/revisions"}],"wp:featuredmedia":[{"embeddable":true,"href":"https:\/\/informacionlocal.es\/it\/wp-json\/wp\/v2\/media\/6123"}],"wp:attachment":[{"href":"https:\/\/informacionlocal.es\/it\/wp-json\/wp\/v2\/media?parent=6127"}],"wp:term":[{"taxonomy":"category","embeddable":true,"href":"https:\/\/informacionlocal.es\/it\/wp-json\/wp\/v2\/categories?post=6127"},{"taxonomy":"post_tag","embeddable":true,"href":"https:\/\/informacionlocal.es\/it\/wp-json\/wp\/v2\/tags?post=6127"}],"curies":[{"name":"wp","href":"https:\/\/api.w.org\/{rel}","templated":true}]}}