{"id":6115,"date":"2025-07-05T05:01:33","date_gmt":"2025-07-05T05:01:33","guid":{"rendered":"https:\/\/informacionlocal.es\/la-parrocchia-di-las-salinas-inaugura-le-finestre-e-le-vetrate-per-le-sue-fiestas-del-carmen\/"},"modified":"2025-07-05T05:01:33","modified_gmt":"2025-07-05T05:01:33","slug":"la-parrocchia-di-las-salinas-inaugura-le-finestre-e-le-vetrate-per-le-sue-fiestas-del-carmen","status":"publish","type":"post","link":"https:\/\/informacionlocal.es\/it\/la-parrocchia-di-las-salinas-inaugura-le-finestre-e-le-vetrate-per-le-sue-fiestas-del-carmen\/","title":{"rendered":"La Parrocchia di Las Salinas inaugura le finestre e le vetrate per le sue Fiestas del Carmen"},"content":{"rendered":"<div class=\"elementor-widget-container\">\n<p><strong>La Parrocchia di Las Salinas svela le finestre e le vetrate per le sue Fiestas del Carmen<\/strong><\/p>\n<p><strong>&#8211; Tutto \u00e8 pronto per celebrare le Feste di Las Salinas da venerd\u00ec 4 a domenica 13 luglio.  <\/strong><br \/><strong>&#8211; Le maree rendono necessario anticipare la Processione marittimo-terrestre in onore di Nostra Signora del Monte Carmelo. Non \u00e8 la prima volta che la Commissione per le festivit\u00e0 decide di farlo, visto che avviene ogni quattro anni circa.  <\/strong><br \/><strong>&#8211; Il Dipartimento dei Lavori e dei Servizi, su richiesta dei vicini, sta restaurando le finestre e i davanzali della parrocchia di Las Salinas.<\/strong><\/p>\n<p>Il sindaco Mat\u00edas Pe\u00f1a e gli assessori alle Feste, Pedro M. Armas e ai Lavori, Servizi e Ambiente, Juan Cabrera, insieme al rappresentante della Commissione Festeggiamenti di Las Salinas, Guillermo P\u00e9rez Guti\u00e9rrez, hanno verificato che tutto fosse pronto per accogliere i festeggiamenti in onore di Nuestra Se\u00f1ora del Carmen.<\/p>\n<p>Tendone, bar sulla spiaggia, attrezzature energetiche, illuminazione, palcoscenico e decorazioni, tutto \u00e8 pronto a Las Salinas del Carmen, che addobba le sue case, e si rende protagonista di un&#8217;accurata pulizia delle strade effettuata dall&#8217;Assessorato all&#8217;Ambiente, in ogni frazione del comune prima dell&#8217;inizio dei festeggiamenti, preparando gli accessi, rimuovendo gli ammassi di cespugli e attrezzature e preparando le aree per il divertimento, il riposo e il parcheggio.<\/p>\n<p>L&#8217;assessore ai Lavori e Servizi, Juan Cabrera, sottolinea i lavori di abbellimento effettuati nella parrocchia di Las Salinas, dipingendo la facciata e le pareti interne, oltre a sostituire le finestre, le grandi vetrate e i vetri che danno luce al suo piccolo e accogliente interno.<\/p>\n<p>Il consigliere Pedro M. Armas si congratula per il coinvolgimento nel programma e nell&#8217;organizzazione delle Feste del Comitato Las Salinas, sostenendo la decisione di organizzare la Processione Marittima Terrestre in onore di Nostra Signora del Carmen, nell&#8217;ambito delle feste e in coincidenza con lo stato ottimale della marea, domenica 13 luglio.<\/p>\n<p>Le Fiestas de Las Salinas iniziano questo venerd\u00ec 4 con la Proclamazione della famiglia Herrera Dominguez, con un brindisi popolare per tutti i presenti e con le esibizioni di Paco Salinas e Laly Lean.<\/p>\n<\/div>\n","protected":false},"excerpt":{"rendered":"<p><strong>La Parrocchia di Las Salinas svela le finestre e le vetrate per le sue Fiestas del Carmen<\/strong><\/p>\n","protected":false},"author":1,"featured_media":6111,"comment_status":"open","ping_status":"open","sticky":false,"template":"","format":"standard","meta":{"inline_featured_image":false,"jnews-multi-image_gallery":[],"jnews_single_post":[],"jnews_primary_category":[],"jnews_social_meta":[],"jnews_override_counter":[],"jnews_post_split":[],"footnotes":""},"categories":[282],"tags":[205],"class_list":["post-6115","post","type-post","status-publish","format-standard","has-post-thumbnail","hentry","category-antigua-it","tag-ambiente"],"jetpack_featured_media_url":"https:\/\/informacionlocal.es\/wp-content\/uploads\/2025\/07\/antigua-coordina-los-preparativos-de-las-fiestas-con-la-comision-de-salinas-del-carmen-2-scaled-1.jpg","_links":{"self":[{"href":"https:\/\/informacionlocal.es\/it\/wp-json\/wp\/v2\/posts\/6115","targetHints":{"allow":["GET"]}}],"collection":[{"href":"https:\/\/informacionlocal.es\/it\/wp-json\/wp\/v2\/posts"}],"about":[{"href":"https:\/\/informacionlocal.es\/it\/wp-json\/wp\/v2\/types\/post"}],"author":[{"embeddable":true,"href":"https:\/\/informacionlocal.es\/it\/wp-json\/wp\/v2\/users\/1"}],"replies":[{"embeddable":true,"href":"https:\/\/informacionlocal.es\/it\/wp-json\/wp\/v2\/comments?post=6115"}],"version-history":[{"count":0,"href":"https:\/\/informacionlocal.es\/it\/wp-json\/wp\/v2\/posts\/6115\/revisions"}],"wp:featuredmedia":[{"embeddable":true,"href":"https:\/\/informacionlocal.es\/it\/wp-json\/wp\/v2\/media\/6111"}],"wp:attachment":[{"href":"https:\/\/informacionlocal.es\/it\/wp-json\/wp\/v2\/media?parent=6115"}],"wp:term":[{"taxonomy":"category","embeddable":true,"href":"https:\/\/informacionlocal.es\/it\/wp-json\/wp\/v2\/categories?post=6115"},{"taxonomy":"post_tag","embeddable":true,"href":"https:\/\/informacionlocal.es\/it\/wp-json\/wp\/v2\/tags?post=6115"}],"curies":[{"name":"wp","href":"https:\/\/api.w.org\/{rel}","templated":true}]}}