{"id":6079,"date":"2025-07-05T02:10:18","date_gmt":"2025-07-05T02:10:18","guid":{"rendered":"https:\/\/informacionlocal.es\/antigua-riporta-il-beach-party-con-il-caleta-sound-fest\/"},"modified":"2025-07-05T02:10:18","modified_gmt":"2025-07-05T02:10:18","slug":"antigua-riporta-il-beach-party-con-il-caleta-sound-fest","status":"publish","type":"post","link":"https:\/\/informacionlocal.es\/it\/antigua-riporta-il-beach-party-con-il-caleta-sound-fest\/","title":{"rendered":"Antigua riporta il Beach Party con il Caleta Sound Fest"},"content":{"rendered":"<div class=\"elementor-widget-container\">\n<p><strong>Antigua riporta la festa in spiaggia con il Caleta Sound Fest<\/strong><\/p>\n<p><strong>&#8211; Il Municipio di Antigua ha annunciato una nuova edizione del festival musicale Beach Party, che torna con il nome di Caleta Sound Fest l&#8217;1 e il 2 agosto.<\/strong><br \/><strong>&#8211; Oltre 20 ore di musica non-stop con esibizioni di importanti band nazionali e internazionali.<\/strong><\/p>\n<p>Il sindaco Mat\u00edas Pe\u00f1a e l&#8217;assessore al Turismo Kristina Rodewig annunciano il ritorno di uno dei principali eventi musicali estivi dell&#8217;isola, la festa sulla spiaggia di El Castillo, che torna a chiamarsi Caleta Sound Fest.<\/p>\n<p>Ci siamo impegnati a recuperare questo principale Festival musicale sulla spiaggia di El Castillo, ed \u00e8 gi\u00e0 una realt\u00e0, dopo molti sforzi in termini di pratiche e permessi e un investimento comunale di oltre 300.000 euro&#8221;, afferma il sindaco Mat\u00edas Pe\u00f1a Garc\u00eda.<\/p>\n<p>Il Caleta Sound Fest \u00e8 un&#8217;ottima notizia e la migliore risposta alla richiesta delle imprese di riportare i riflettori sulla citt\u00e0 di Caleta de Fuste e sullo stesso comune di Antigua&#8221;, afferma l&#8217;Assessore al Turismo, Kristina Rodewig, come principali beneficiari di un Festival musicale sulla spiaggia di El Castillo con una scaletta di concerti e spettacoli, che offre pi\u00f9 di 20 ore di musica non-stop.<\/p>\n<p>Il ritorno del Beach Party come Caleta Sound Fest \u00e8 il risultato di un lavoro importante e complesso che abbiamo sviluppato per mesi senza annunciare nulla al riguardo, fino a quando non abbiamo avuto la sicurezza e la conferma&#8221;, aggiunge l&#8217;assessore Rodewig.<\/p>\n<p>A breve presenteremo l&#8217;eccezionale cartellone del Caleta Sound Fest e non ci resta che goderci i concerti e il loro impatto economico e promozionale durante e dopo il Festival&#8221;, conclude l&#8217;assessore.<\/p>\n<\/div>\n","protected":false},"excerpt":{"rendered":"<p><strong>Antigua riporta la festa in spiaggia con il Caleta Sound Fest<\/strong><\/p>\n","protected":false},"author":1,"featured_media":6075,"comment_status":"open","ping_status":"open","sticky":false,"template":"","format":"standard","meta":{"inline_featured_image":false,"jnews-multi-image_gallery":[],"jnews_single_post":[],"jnews_primary_category":[],"jnews_social_meta":[],"jnews_override_counter":[],"jnews_post_split":[],"footnotes":""},"categories":[282],"tags":[],"class_list":["post-6079","post","type-post","status-publish","format-standard","has-post-thumbnail","hentry","category-antigua-it"],"jetpack_featured_media_url":"https:\/\/informacionlocal.es\/wp-content\/uploads\/2025\/07\/cartel-caleta-horarios-2-scaled-1.jpg","_links":{"self":[{"href":"https:\/\/informacionlocal.es\/it\/wp-json\/wp\/v2\/posts\/6079","targetHints":{"allow":["GET"]}}],"collection":[{"href":"https:\/\/informacionlocal.es\/it\/wp-json\/wp\/v2\/posts"}],"about":[{"href":"https:\/\/informacionlocal.es\/it\/wp-json\/wp\/v2\/types\/post"}],"author":[{"embeddable":true,"href":"https:\/\/informacionlocal.es\/it\/wp-json\/wp\/v2\/users\/1"}],"replies":[{"embeddable":true,"href":"https:\/\/informacionlocal.es\/it\/wp-json\/wp\/v2\/comments?post=6079"}],"version-history":[{"count":0,"href":"https:\/\/informacionlocal.es\/it\/wp-json\/wp\/v2\/posts\/6079\/revisions"}],"wp:featuredmedia":[{"embeddable":true,"href":"https:\/\/informacionlocal.es\/it\/wp-json\/wp\/v2\/media\/6075"}],"wp:attachment":[{"href":"https:\/\/informacionlocal.es\/it\/wp-json\/wp\/v2\/media?parent=6079"}],"wp:term":[{"taxonomy":"category","embeddable":true,"href":"https:\/\/informacionlocal.es\/it\/wp-json\/wp\/v2\/categories?post=6079"},{"taxonomy":"post_tag","embeddable":true,"href":"https:\/\/informacionlocal.es\/it\/wp-json\/wp\/v2\/tags?post=6079"}],"curies":[{"name":"wp","href":"https:\/\/api.w.org\/{rel}","templated":true}]}}