{"id":6068,"date":"2025-07-05T00:59:34","date_gmt":"2025-07-05T00:59:34","guid":{"rendered":"https:\/\/informacionlocal.es\/il-comune-di-puerto-del-rosario-il-consiglio-dellisola-di-fuerteventura-e-il-governo-delle-canarie-uniscono-le-forze-per-proteggere-il-patrimonio-storico-del-comune\/"},"modified":"2025-07-05T00:59:34","modified_gmt":"2025-07-05T00:59:34","slug":"il-comune-di-puerto-del-rosario-il-consiglio-dellisola-di-fuerteventura-e-il-governo-delle-canarie-uniscono-le-forze-per-proteggere-il-patrimonio-storico-del-comune","status":"publish","type":"post","link":"https:\/\/informacionlocal.es\/it\/il-comune-di-puerto-del-rosario-il-consiglio-dellisola-di-fuerteventura-e-il-governo-delle-canarie-uniscono-le-forze-per-proteggere-il-patrimonio-storico-del-comune\/","title":{"rendered":"Il Comune di Puerto del Rosario, il Consiglio dell&#8217;Isola di Fuerteventura e il Governo delle Canarie uniscono le forze per proteggere il patrimonio storico del comune."},"content":{"rendered":"<div class=\"entry-content\">\n<p>Il Comune di Puerto del Rosario ha tenuto un&#8217;importante riunione di coordinamento marted\u00ec 1\u00b0 luglio, insieme al Direttore Generale dei Beni Culturali del Governo delle Isole Canarie, Miguel \u00c1ngel Clavijo; alla Presidente del Consiglio dell&#8217;Isola di Fuerteventura, Lola Garc\u00eda; all&#8217;Assessore ai Beni Culturali del Consiglio dell&#8217;Isola di Fuerteventura, Rayco de Le\u00f3n; all&#8217;Assessore al Patrimonio Storico del Comune della capitale, David de Le\u00f3n; all&#8217;Assessore all&#8217;Urbanistica, Ana Hern\u00e1ndez; nonch\u00e9 all&#8217;\u00e9quipe tecnica e all&#8217;\u00e9quipe che sta redigendo il catalogo del patrimonio comunale.<\/p>\n<p>L&#8217;obiettivo principale di questo incontro di lavoro \u00e8 stato quello di rafforzare il coordinamento tra le tre amministrazioni coinvolte per garantire la protezione e la conservazione del patrimonio storico del comune, dopo la <strong>recente approvazione iniziale del Catalogo Municipale per la Protezione dei Beni Culturali di Puerto del Rosario<\/strong>.<\/p>\n<p>Il sindaco di Puerto del Rosario, <strong>David de Vera<\/strong>, ha sottolineato che <em>&#8220;questo \u00e8 un passo decisivo verso il coordinamento degli sforzi e delle azioni che permetteranno al nuovo strumento di conservazione, come il Catalogo, di porre le basi per stabilire strategie di collaborazione con i proprietari e i cittadini. Vogliamo che il valore del patrimonio sia un asse fondamentale dello sviluppo urbano di Puerto del Rosario&#8221;.<\/em><\/p>\n<p>Da parte sua, la presidente del Cabildo di Fuerteventura, <strong>Lola Garc\u00eda<\/strong>, ha sottolineato l&#8217;importanza di lavorare insieme: <em>&#8220;\u00e8 essenziale unire le forze affinch\u00e9 la protezione del patrimonio non sia un ostacolo, ma piuttosto un&#8217;opportunit\u00e0 per promuovere l&#8217;identit\u00e0 e l&#8217;attrattiva dei nostri comuni&#8221;.<\/em><\/p>\n<p>Il Direttore Generale del Patrimonio Culturale del Governo delle Isole Canarie, <strong>Miguel \u00c1ngel Clavijo<\/strong>, ha sottolineato l&#8217;importanza di questo tipo di strumento: <em>&#8220;l&#8217;approvazione del catalogo comunale \u00e8 uno strumento essenziale affinch\u00e9 il patrimonio sia conservato con garanzie e sia armoniosamente integrato nella pianificazione urbana. Il lavoro coordinato tra le amministrazioni \u00e8 il modo migliore per proteggere il nostro patrimonio&#8221;.<\/em><\/p>\n<p>A livello comunale, l&#8217;assessore al Patrimonio storico, <strong>David de Le\u00f3n<\/strong>, ha sottolineato che <em>&#8220;il coinvolgimento di tutte le parti \u00e8 fondamentale. Non si tratta solo di proteggere gli edifici, ma anche di preservare la memoria e la storia di Puerto del Rosario per le generazioni future&#8221;.<\/em><\/p>\n<p>Sulla stessa linea, l&#8217;assessore all&#8217;Urbanistica, <strong>Ana Hern\u00e1ndez<\/strong>, ha sottolineato la necessit\u00e0 di allineare la tutela del patrimonio con la pianificazione: <em>&#8220;il catalogo inizialmente approvato \u00e8 uno strumento che ci permette di definire con precisione quali valori devono essere conservati e come integrarli nell&#8217;evoluzione della citt\u00e0&#8221;.<\/em><\/p>\n<p>Infine, l&#8217;Assessore al Patrimonio Culturale del Consiglio dell&#8217;Isola di Fuerteventura, <strong>Rayco de Le\u00f3n<\/strong>, ha sottolineato che <em>&#8220;il coordinamento tra il Consiglio dell&#8217;Isola, il Governo delle Canarie e il Municipio \u00e8 il modo per garantire una protezione reale ed efficace del patrimonio, combinando conservazione, uso responsabile e valorizzazione&#8221;.<\/em><\/p>\n<p>Con l&#8217;approvazione iniziale del catalogo e questo nuovo impulso coordinato, Puerto del Rosario compie un passo deciso verso il consolidamento di una politica del patrimonio responsabile e partecipativa, in cui la tutela e la conservazione diventano elementi chiave per lo sviluppo presente e futuro del comune.<\/p>\n<\/div>\n","protected":false},"excerpt":{"rendered":"<p>Il Comune di Puerto del Rosario ha tenuto un&#8217;importante riunione di coordinamento marted\u00ec 1\u00b0 luglio, insieme al Direttore Generale dei Beni Culturali del Governo delle Isole Canarie, Miguel \u00c1ngel Clavijo; [&hellip;]<\/p>\n","protected":false},"author":1,"featured_media":6063,"comment_status":"open","ping_status":"open","sticky":false,"template":"","format":"standard","meta":{"inline_featured_image":false,"jnews-multi-image_gallery":[],"jnews_single_post":[],"jnews_primary_category":[],"jnews_social_meta":[],"jnews_override_counter":[],"jnews_post_split":[],"footnotes":""},"categories":[295],"tags":[202,223],"class_list":["post-6068","post","type-post","status-publish","format-standard","has-post-thumbnail","hentry","category-puerto-del-rosario-it","tag-comuni","tag-fuerteventura-it"],"jetpack_featured_media_url":"https:\/\/informacionlocal.es\/wp-content\/uploads\/2025\/07\/patrimonio-22-hco-ayto-cab-gob-can-0725.jpg","_links":{"self":[{"href":"https:\/\/informacionlocal.es\/it\/wp-json\/wp\/v2\/posts\/6068","targetHints":{"allow":["GET"]}}],"collection":[{"href":"https:\/\/informacionlocal.es\/it\/wp-json\/wp\/v2\/posts"}],"about":[{"href":"https:\/\/informacionlocal.es\/it\/wp-json\/wp\/v2\/types\/post"}],"author":[{"embeddable":true,"href":"https:\/\/informacionlocal.es\/it\/wp-json\/wp\/v2\/users\/1"}],"replies":[{"embeddable":true,"href":"https:\/\/informacionlocal.es\/it\/wp-json\/wp\/v2\/comments?post=6068"}],"version-history":[{"count":0,"href":"https:\/\/informacionlocal.es\/it\/wp-json\/wp\/v2\/posts\/6068\/revisions"}],"wp:featuredmedia":[{"embeddable":true,"href":"https:\/\/informacionlocal.es\/it\/wp-json\/wp\/v2\/media\/6063"}],"wp:attachment":[{"href":"https:\/\/informacionlocal.es\/it\/wp-json\/wp\/v2\/media?parent=6068"}],"wp:term":[{"taxonomy":"category","embeddable":true,"href":"https:\/\/informacionlocal.es\/it\/wp-json\/wp\/v2\/categories?post=6068"},{"taxonomy":"post_tag","embeddable":true,"href":"https:\/\/informacionlocal.es\/it\/wp-json\/wp\/v2\/tags?post=6068"}],"curies":[{"name":"wp","href":"https:\/\/api.w.org\/{rel}","templated":true}]}}