{"id":6054,"date":"2025-07-05T00:01:50","date_gmt":"2025-07-05T00:01:50","guid":{"rendered":"https:\/\/informacionlocal.es\/il-municipio-di-pajara-presenta-i-festeggiamenti-in-onore-di-san-benito-abad-a-la-pared\/"},"modified":"2025-07-05T00:01:50","modified_gmt":"2025-07-05T00:01:50","slug":"il-municipio-di-pajara-presenta-i-festeggiamenti-in-onore-di-san-benito-abad-a-la-pared","status":"publish","type":"post","link":"https:\/\/informacionlocal.es\/it\/il-municipio-di-pajara-presenta-i-festeggiamenti-in-onore-di-san-benito-abad-a-la-pared\/","title":{"rendered":"Il Municipio di P\u00e1jara presenta i festeggiamenti in onore di San Benito Abad a La Pared"},"content":{"rendered":"<div class=\"entry-content\">\n<p><b><i>Dal 3 al 6 luglio si svolger\u00e0 un ricco programma di festeggiamenti in omaggio alle radici della citt\u00e0 e della sua gente.  <\/i><\/b><\/p>\n<p><span>Il Comune di P\u00e1jara, attraverso l&#8217;Assessorato alle Feste, presenta le feste in onore di San Benito Abad nel villaggio di La Pared, che si terranno da gioved\u00ec 3 luglio a domenica 6 luglio, con un programma vario di attivit\u00e0 per tutte le et\u00e0.  <\/span><\/p>\n<p><span>I festeggiamenti iniziano oggi, dalle ore 18:00, con la tradizionale decorazione del villaggio. In seguito, residenti e visitatori potranno godere di una degustazione di dolci in un&#8217;atmosfera di festa.   <\/span><\/p>\n<p><span>Durante i quattro giorni di festa, il programma prevede balli all&#8217;aperto, giochi di societ\u00e0, spettacoli musicali, il popolare barbecue, oltre ad attivit\u00e0 dedicate in particolare ai pi\u00f9 piccoli, come la festa dei bambini, che comprender\u00e0 gonfiabili d&#8217;acqua e un cannone di schiuma.  <\/span><\/p>\n<p><span>L&#8217;assessore alle Feste, Juan Jos\u00e9 Viera, sottolinea l&#8217;importanza di queste feste per la citt\u00e0. &#8220;Queste feste sono molto pi\u00f9 che seguire una tradizione, sono un&#8217;opportunit\u00e0 per riunirsi come citt\u00e0, per condividere momenti, per rafforzare le nostre radici e per sentirsi parte di qualcosa di comune&#8221;. Il consigliere ha voluto ringraziare anche il coinvolgimento dei residenti locali per aver &#8220;partecipato attivamente allo sviluppo di queste feste&#8221;.    <\/span><\/p>\n<p><span>Sabato 5 luglio, a partire dalle ore 19:00, si terr\u00e0 il pellegrinaggio in onore di San Benito Abad, che quest&#8217;anno si terr\u00e0 in omaggio a Rafael Alonso Viera. La partenza sar\u00e0 dalle porte di Chilegua fino alla piazza pubblica di La Pared, dove i vicini si riuniranno con i loro carri e costumi tradizionali.   <\/span><\/p>\n<p><span>Per concludere i festeggiamenti, domenica 6 luglio alle ore 17:30 si svolger\u00e0 la Solenne Funzione Religiosa in onore di San Benito Abad, un atto carico di emozione e devozione.  <\/span><\/p>\n<\/div>\n","protected":false},"excerpt":{"rendered":"<p><i>Dal 3 al 6 luglio si svolger\u00e0 un ricco programma di festeggiamenti in omaggio alle radici della citt\u00e0 e della sua gente.  <\/i><\/p>\n","protected":false},"author":1,"featured_media":6051,"comment_status":"open","ping_status":"open","sticky":false,"template":"","format":"standard","meta":{"inline_featured_image":false,"jnews-multi-image_gallery":[],"jnews_single_post":[],"jnews_primary_category":[],"jnews_social_meta":[],"jnews_override_counter":[],"jnews_post_split":[],"footnotes":""},"categories":[298],"tags":[],"class_list":["post-6054","post","type-post","status-publish","format-standard","has-post-thumbnail","hentry","category-pajara-it"],"jetpack_featured_media_url":"https:\/\/informacionlocal.es\/wp-content\/uploads\/2025\/07\/la-pared-2025-scaled-1.jpg","_links":{"self":[{"href":"https:\/\/informacionlocal.es\/it\/wp-json\/wp\/v2\/posts\/6054","targetHints":{"allow":["GET"]}}],"collection":[{"href":"https:\/\/informacionlocal.es\/it\/wp-json\/wp\/v2\/posts"}],"about":[{"href":"https:\/\/informacionlocal.es\/it\/wp-json\/wp\/v2\/types\/post"}],"author":[{"embeddable":true,"href":"https:\/\/informacionlocal.es\/it\/wp-json\/wp\/v2\/users\/1"}],"replies":[{"embeddable":true,"href":"https:\/\/informacionlocal.es\/it\/wp-json\/wp\/v2\/comments?post=6054"}],"version-history":[{"count":0,"href":"https:\/\/informacionlocal.es\/it\/wp-json\/wp\/v2\/posts\/6054\/revisions"}],"wp:featuredmedia":[{"embeddable":true,"href":"https:\/\/informacionlocal.es\/it\/wp-json\/wp\/v2\/media\/6051"}],"wp:attachment":[{"href":"https:\/\/informacionlocal.es\/it\/wp-json\/wp\/v2\/media?parent=6054"}],"wp:term":[{"taxonomy":"category","embeddable":true,"href":"https:\/\/informacionlocal.es\/it\/wp-json\/wp\/v2\/categories?post=6054"},{"taxonomy":"post_tag","embeddable":true,"href":"https:\/\/informacionlocal.es\/it\/wp-json\/wp\/v2\/tags?post=6054"}],"curies":[{"name":"wp","href":"https:\/\/api.w.org\/{rel}","templated":true}]}}