{"id":6042,"date":"2025-07-04T23:20:56","date_gmt":"2025-07-04T23:20:56","guid":{"rendered":"https:\/\/informacionlocal.es\/la-oliva-avra-un-progetto-pilota-per-un-servizio-di-droni-per-il-salvataggio-marittimo-sulle-coste-del-comune\/"},"modified":"2025-07-04T23:20:56","modified_gmt":"2025-07-04T23:20:56","slug":"la-oliva-avra-un-progetto-pilota-per-un-servizio-di-droni-per-il-salvataggio-marittimo-sulle-coste-del-comune","status":"publish","type":"post","link":"https:\/\/informacionlocal.es\/it\/la-oliva-avra-un-progetto-pilota-per-un-servizio-di-droni-per-il-salvataggio-marittimo-sulle-coste-del-comune\/","title":{"rendered":"La Oliva avr\u00e0 un progetto pilota per un servizio di droni per il salvataggio marittimo sulle coste del comune."},"content":{"rendered":"<p>Il nuovo progetto pilota di salvataggio marittimo con l&#8217;utilizzo di droni, promosso dal Dipartimento di Emergenza del Governo delle Canarie e con la collaborazione del Comune di La Oliva, mira a rendere attuabile il programma di sorveglianza e prevenzione sul litorale del comune. L&#8217;iniziativa mira quindi a rafforzare la sicurezza dei bagnanti e degli utenti del litorale, nonch\u00e9 a ottimizzare la gestione di eventuali incidenti nell&#8217;ambiente marino.   <\/p>\n<p>Il servizio, nella sua fase iniziale, coprir\u00e0 diverse funzioni essenziali per la protezione delle spiagge comunali, come la sorveglianza e la protezione della costa, con osservazioni per l&#8217;individuazione precoce di punti critici, correnti pericolose, possibile inquinamento e persino banchi di meduse. Inoltre, fornir\u00e0 un supporto fondamentale ai bagnini, in quanto il personale del nuovo servizio sar\u00e0 responsabile di fornire un supporto costante al lavoro di sorveglianza dalle torri di guardia, ottimizzando cos\u00ec la copertura e la capacit\u00e0 di risposta nelle aree di balneazione. <\/p>\n<p>Va inoltre sottolineato che l&#8217;attuazione del progetto pilota consentir\u00e0 una sorveglianza attiva per l&#8217;avvistamento di animali marini che potrebbero rappresentare un rischio per i bagnanti o richiedere attenzione, nonch\u00e9 la localizzazione di oggetti non identificati che potrebbero compromettere la sicurezza della costa o rappresentare un rischio per l&#8217;ambiente marino.  <\/p>\n<p>In questo senso, il sindaco e responsabile della Sicurezza Pubblica di La Oliva, Isa\u00ed Blanco, sottolinea l&#8217;importanza dell&#8217;attuazione di questo programma pilota: &#8220;Questo nuovo progetto non solo cerca di trovare un supporto al servizio di salvataggio sulle nostre coste, ma fornisce anche nuove funzioni come l&#8217;individuazione di conflitti o la localizzazione di elementi inquinanti sulle nostre spiagge. Questa iniziativa fornir\u00e0 quindi, in una prima fase, un servizio che garantir\u00e0 la sicurezza dei bagnanti continuando a preservare l&#8217;ambiente naturale delle nostre spiagge&#8221;.<\/p>\n<p>Inoltre, il ministro regionale delle Canarie per la Politica territoriale e responsabile delle emergenze, Manuel Miranda, ha dichiarato: &#8220;Questo \u00e8 un chiaro esempio di come l&#8217;innovazione tecnologica possa essere messa al servizio della sicurezza, della prevenzione e della protezione delle persone, e di come le Isole Canarie continuino a muoversi verso un modello di gestione pi\u00f9 agile, efficiente e sostenibile in tutti i suoi territori, compresi quelli pi\u00f9 remoti&#8221;.  <\/p>\n<p>La presidente del Cabildo, Lola Garc\u00eda, ha sottolineato &#8220;l&#8217;importanza che l&#8217;innovazione sia sempre al servizio delle persone che vivono qui e del nostro ambiente, per cui noi del Cabildo siamo grati al Governo delle Canarie per aver dato vita a un progetto pionieristico che non solo rafforzer\u00e0 la sorveglianza e la sicurezza delle coste, ma anche l&#8217;individuazione di qualsiasi rischio che possa mettere in pericolo il nostro ambiente e la nostra biodiversit\u00e0, in coordinamento con il Comune di La Oliva&#8221;.  <\/p>\n<p>Garc\u00eda ha ricordato che &#8220;Fuerteventura \u00e8 un punto di riferimento nelle missioni di servizio pubblico che utilizzano le nuove tecnologie, grazie alle iniziative promosse dal Parco tecnologico, ed \u00e8 per questo che \u00e8 sempre una buona notizia che questo tipo di progetto continui a essere stabilito sulla nostra isola&#8221;.<\/p>\n<p>Con una durata iniziale di 12 mesi, il servizio non solo coprir\u00e0 le esigenze comunali, ma sar\u00e0 anche in grado di trasferire le risorse ad altri comuni dell&#8217;isola in caso di emergenza, al fine di testare la fattibilit\u00e0 del programma innovativo sull&#8217;isola.<\/p>\n","protected":false},"excerpt":{"rendered":"<p><span>Il Concistoro collabora con il Governo delle Isole Canarie per offrire un servizio completo in una prima fase finalizzato alla sorveglianza e alla prevenzione sulle spiagge comunali.<\/span><\/p>\n","protected":false},"author":1,"featured_media":6039,"comment_status":"open","ping_status":"open","sticky":false,"template":"","format":"standard","meta":{"inline_featured_image":false,"jnews-multi-image_gallery":[],"jnews_single_post":[],"jnews_primary_category":[],"jnews_social_meta":[],"jnews_override_counter":[],"jnews_post_split":[],"footnotes":""},"categories":[292],"tags":[202,357,223],"class_list":["post-6042","post","type-post","status-publish","format-standard","has-post-thumbnail","hentry","category-la-oliva-it","tag-comuni","tag-emergenze","tag-fuerteventura-it"],"jetpack_featured_media_url":"https:\/\/informacionlocal.es\/wp-content\/uploads\/2025\/07\/5221_b7c59c8b.png","_links":{"self":[{"href":"https:\/\/informacionlocal.es\/it\/wp-json\/wp\/v2\/posts\/6042","targetHints":{"allow":["GET"]}}],"collection":[{"href":"https:\/\/informacionlocal.es\/it\/wp-json\/wp\/v2\/posts"}],"about":[{"href":"https:\/\/informacionlocal.es\/it\/wp-json\/wp\/v2\/types\/post"}],"author":[{"embeddable":true,"href":"https:\/\/informacionlocal.es\/it\/wp-json\/wp\/v2\/users\/1"}],"replies":[{"embeddable":true,"href":"https:\/\/informacionlocal.es\/it\/wp-json\/wp\/v2\/comments?post=6042"}],"version-history":[{"count":0,"href":"https:\/\/informacionlocal.es\/it\/wp-json\/wp\/v2\/posts\/6042\/revisions"}],"wp:featuredmedia":[{"embeddable":true,"href":"https:\/\/informacionlocal.es\/it\/wp-json\/wp\/v2\/media\/6039"}],"wp:attachment":[{"href":"https:\/\/informacionlocal.es\/it\/wp-json\/wp\/v2\/media?parent=6042"}],"wp:term":[{"taxonomy":"category","embeddable":true,"href":"https:\/\/informacionlocal.es\/it\/wp-json\/wp\/v2\/categories?post=6042"},{"taxonomy":"post_tag","embeddable":true,"href":"https:\/\/informacionlocal.es\/it\/wp-json\/wp\/v2\/tags?post=6042"}],"curies":[{"name":"wp","href":"https:\/\/api.w.org\/{rel}","templated":true}]}}