{"id":6030,"date":"2025-07-04T22:02:31","date_gmt":"2025-07-04T22:02:31","guid":{"rendered":"https:\/\/informacionlocal.es\/antigua-estende-leta-di-iscrizione-e-i-posti-nei-campi-estivi-culturali\/"},"modified":"2025-07-04T22:02:31","modified_gmt":"2025-07-04T22:02:31","slug":"antigua-estende-leta-di-iscrizione-e-i-posti-nei-campi-estivi-culturali","status":"publish","type":"post","link":"https:\/\/informacionlocal.es\/it\/antigua-estende-leta-di-iscrizione-e-i-posti-nei-campi-estivi-culturali\/","title":{"rendered":"Antigua estende l&#8217;et\u00e0 di iscrizione e i posti nei Campi estivi culturali"},"content":{"rendered":"<div class=\"elementor-widget-container\">\n<p><strong>Antigua estende l&#8217;et\u00e0 di iscrizione e i posti nei Campi estivi culturali<\/strong><\/p>\n<p><strong>&#8211; Danza, musica, teatro e letteratura nei campi culturali estivi organizzati dal Municipio di Antigua nei centri di Caleta de Fuste, Triquivijate, Valles de Ortega e Antigua, la mattina dalle 09:00 alle 14:00.<\/strong><br \/><strong>&#8211; L&#8217;iscrizione \u00e8 gratuita e pu\u00f2 essere effettuata presso il Municipio di Antigua, l&#8217;Ufficio del Sindaco di Caleta de Fuste o online sul sito www.ayto-antigua.es.<\/strong><br \/><strong>&#8211; Il termine ultimo per l&#8217;iscrizione \u00e8 luned\u00ec 7 luglio compreso.<\/strong><\/p>\n<p>Il Comune di Antigua, attraverso l&#8217;Assessorato alla Cultura, sta organizzando questa iniziativa pionieristica nel municipio, secondo il sindaco Mat\u00edas Pe\u00f1a Garc\u00eda, i Campi Culturali Creando Arte en Verano, che promuovono la creativit\u00e0 e l&#8217;espressione artistica dei bambini in ambiti quali danza, musica, teatro, circo, letteratura, cinema e laboratori per DJ.<\/p>\n<p>Questi campi culturali estivi completano le attivit\u00e0 di svago per i bambini del Comune e aiutano a conciliare la vita lavorativa e familiare con il loro divertimento durante le vacanze&#8221;, afferma l&#8217;assessore alla Cultura, Jonathan Pe\u00f1a.<\/p>\n<p>Vista la grande richiesta, l&#8217;assessore Jonathan Pe\u00f1a ha deciso di estendere la fascia d&#8217;et\u00e0 per l&#8217;iscrizione dai 7 agli 11 anni e di prorogare la scadenza fino a luned\u00ec 7 luglio compreso.<\/p>\n<p>L&#8217;iscrizione \u00e8 gratuita e deve essere formalizzata presso il Municipio di Antigua, l&#8217;Ufficio del Sindaco di Caleta de Fuste o online su www.ayto-antigua.es.<\/p>\n<p>I campi culturali estivi sono organizzati durante il mese di luglio al mattino dalle 09:00 alle 14:00 nei centri culturali di Caleta de Fuste dal 7 all&#8217;11, di Triquivijate dal 14 al 18, di Valles de Ortega dal 21 al 25 e nella Biblioteca Municipale di Antigua dal 28 luglio al 1\u00b0 agosto.<\/p>\n<\/p>\n<\/div>\n","protected":false},"excerpt":{"rendered":"<p><strong>Antigua estende l&#8217;et\u00e0 di iscrizione e i posti nei Campi estivi culturali<\/strong><\/p>\n","protected":false},"author":1,"featured_media":6027,"comment_status":"open","ping_status":"open","sticky":false,"template":"","format":"standard","meta":{"inline_featured_image":false,"jnews-multi-image_gallery":[],"jnews_single_post":[],"jnews_primary_category":[],"jnews_social_meta":[],"jnews_override_counter":[],"jnews_post_split":[],"footnotes":""},"categories":[282],"tags":[],"class_list":["post-6030","post","type-post","status-publish","format-standard","has-post-thumbnail","hentry","category-antigua-it"],"jetpack_featured_media_url":"https:\/\/informacionlocal.es\/wp-content\/uploads\/2025\/07\/514919796_122159092274587942_1746373883774667769_n.jpg","_links":{"self":[{"href":"https:\/\/informacionlocal.es\/it\/wp-json\/wp\/v2\/posts\/6030","targetHints":{"allow":["GET"]}}],"collection":[{"href":"https:\/\/informacionlocal.es\/it\/wp-json\/wp\/v2\/posts"}],"about":[{"href":"https:\/\/informacionlocal.es\/it\/wp-json\/wp\/v2\/types\/post"}],"author":[{"embeddable":true,"href":"https:\/\/informacionlocal.es\/it\/wp-json\/wp\/v2\/users\/1"}],"replies":[{"embeddable":true,"href":"https:\/\/informacionlocal.es\/it\/wp-json\/wp\/v2\/comments?post=6030"}],"version-history":[{"count":0,"href":"https:\/\/informacionlocal.es\/it\/wp-json\/wp\/v2\/posts\/6030\/revisions"}],"wp:featuredmedia":[{"embeddable":true,"href":"https:\/\/informacionlocal.es\/it\/wp-json\/wp\/v2\/media\/6027"}],"wp:attachment":[{"href":"https:\/\/informacionlocal.es\/it\/wp-json\/wp\/v2\/media?parent=6030"}],"wp:term":[{"taxonomy":"category","embeddable":true,"href":"https:\/\/informacionlocal.es\/it\/wp-json\/wp\/v2\/categories?post=6030"},{"taxonomy":"post_tag","embeddable":true,"href":"https:\/\/informacionlocal.es\/it\/wp-json\/wp\/v2\/tags?post=6030"}],"curies":[{"name":"wp","href":"https:\/\/api.w.org\/{rel}","templated":true}]}}