{"id":5999,"date":"2025-07-04T19:58:22","date_gmt":"2025-07-04T19:58:22","guid":{"rendered":"https:\/\/informacionlocal.es\/il-municipio-di-pajara-celebra-i-festeggiamenti-in-onore-di-nuestra-senora-del-carmen-2025-a-morro-jable\/"},"modified":"2025-07-04T19:58:22","modified_gmt":"2025-07-04T19:58:22","slug":"il-municipio-di-pajara-celebra-i-festeggiamenti-in-onore-di-nuestra-senora-del-carmen-2025-a-morro-jable","status":"publish","type":"post","link":"https:\/\/informacionlocal.es\/it\/il-municipio-di-pajara-celebra-i-festeggiamenti-in-onore-di-nuestra-senora-del-carmen-2025-a-morro-jable\/","title":{"rendered":"Il Municipio di P\u00e1jara celebra i festeggiamenti in onore di Nuestra Se\u00f1ora del Carmen 2025 a Morro Jable"},"content":{"rendered":"<div class=\"entry-content\">\n<p><b><i>Dal 4 al 16 luglio, la citt\u00e0 costiera sar\u00e0 animata da attivit\u00e0 per tutte le et\u00e0, tra cui feste di strada, pellegrinaggi e spettacoli musicali.<\/i><\/b><\/p>\n<p><span>Il Municipio di P\u00e1jara presenta il programma dei festeggiamenti in onore di Nuestra Se\u00f1ora del Carmen 2025, che si svolgeranno a Morro Jable dal 4 al 16 luglio. Un ricco calendario di attivit\u00e0 che unisce tradizione marinara, cultura locale e spettacoli per tutti i tipi di pubblico.   <\/span><\/p>\n<p><span>I festeggiamenti iniziano domani, venerd\u00ec 4 luglio, con il discorso di apertura di Jerem\u00edas de Le\u00f3n, figura emblematica legata al mare e alla storia locale, seguito da un omaggio a Joaqu\u00edn Sabina e dalla musica dal vivo dei gruppi Los 600 e Sin Filtro.  <\/span><\/p>\n<p><span>Durante le giornate si possono svolgere diverse attivit\u00e0, dalla festa estiva sulla spiaggia di Morro Jable, al tradizionale &#8220;calado&#8221;, al pellegrinaggio, ai balli all&#8217;aperto, ai giochi da tavolo, agli spettacoli a tema come la Notte Messicana e il tributo &#8220;Forever Selena&#8221;, agli eventi sportivi e culturali come l&#8217;esibizione di lotta canaria o la partita a scacchi.  <\/span><\/p>\n<p><span>L&#8217;assessore alle Feste, Juan Jos\u00e9 Viera, sottolinea l&#8217;importanza di mantenere viva l&#8217;essenza di Morro Jable con queste celebrazioni. &#8220;Queste feste sono il riflesso dell&#8217;anima della nostra citt\u00e0, dove tradizione, musica e convivenza vanno di pari passo per far s\u00ec che residenti e visitatori possano godere di un&#8217;atmosfera unica&#8221;, afferma.   <\/span><\/p>\n<p><span>Da parte sua, il sindaco di P\u00e1jara, Alejandro Jorge, sottolinea l&#8217;impegno del Comune nei confronti dei &#8220;nostri costumi e tradizioni&#8221;. &#8220;Le Fiestas del Carmen sono un&#8217;opportunit\u00e0 per rafforzare la nostra identit\u00e0 e celebrare le nostre radici marinare&#8221;. Il sindaco invita inoltre tutti i cittadini e i visitatori a partecipare attivamente a tutte le attivit\u00e0.    <\/span><\/p>\n<p><span>Tra gli eventi di spicco, marted\u00ec 15 luglio alle ore 21:30, il concerto del cantante Beret, uno degli artisti pi\u00f9 rinomati dell&#8217;attuale panorama musicale, promette di riempire di emozioni la Plaza de Los Pescadores di Morro Jable. Dopo il concerto, il festival proseguir\u00e0 con le esibizioni del gruppo Nuevo Klan e delle orchestre Grupos Bomba e New Sabrosa Band.   <\/span><\/p>\n<p><span>I festeggiamenti si concluderanno mercoled\u00ec 16 luglio con la tradizionale Diana Floreada, con la Banda di Agaete, e con la solenne funzione religiosa e la processione in onore di Nuestra Se\u00f1ora del Carmen, accompagnata dalla Banda Municipale di P\u00e1jara e dalla processione marittima, che si concluder\u00e0 con vari spettacoli musicali.  <\/span><\/p>\n<\/div>\n","protected":false},"excerpt":{"rendered":"<p><i>Dal 4 al 16 luglio, la citt\u00e0 costiera sar\u00e0 animata da attivit\u00e0 per tutte le et\u00e0, tra cui feste di strada, pellegrinaggi e spettacoli musicali.<\/i><\/p>\n","protected":false},"author":1,"featured_media":5995,"comment_status":"open","ping_status":"open","sticky":false,"template":"","format":"standard","meta":{"inline_featured_image":false,"jnews-multi-image_gallery":[],"jnews_single_post":[],"jnews_primary_category":[],"jnews_social_meta":[],"jnews_override_counter":[],"jnews_post_split":[],"footnotes":""},"categories":[298],"tags":[308],"class_list":["post-5999","post","type-post","status-publish","format-standard","has-post-thumbnail","hentry","category-pajara-it","tag-eventos-it"],"jetpack_featured_media_url":"https:\/\/informacionlocal.es\/wp-content\/uploads\/2025\/07\/cartel-fiestas-el-carmen-2025-scaled-1.jpg","_links":{"self":[{"href":"https:\/\/informacionlocal.es\/it\/wp-json\/wp\/v2\/posts\/5999","targetHints":{"allow":["GET"]}}],"collection":[{"href":"https:\/\/informacionlocal.es\/it\/wp-json\/wp\/v2\/posts"}],"about":[{"href":"https:\/\/informacionlocal.es\/it\/wp-json\/wp\/v2\/types\/post"}],"author":[{"embeddable":true,"href":"https:\/\/informacionlocal.es\/it\/wp-json\/wp\/v2\/users\/1"}],"replies":[{"embeddable":true,"href":"https:\/\/informacionlocal.es\/it\/wp-json\/wp\/v2\/comments?post=5999"}],"version-history":[{"count":0,"href":"https:\/\/informacionlocal.es\/it\/wp-json\/wp\/v2\/posts\/5999\/revisions"}],"wp:featuredmedia":[{"embeddable":true,"href":"https:\/\/informacionlocal.es\/it\/wp-json\/wp\/v2\/media\/5995"}],"wp:attachment":[{"href":"https:\/\/informacionlocal.es\/it\/wp-json\/wp\/v2\/media?parent=5999"}],"wp:term":[{"taxonomy":"category","embeddable":true,"href":"https:\/\/informacionlocal.es\/it\/wp-json\/wp\/v2\/categories?post=5999"},{"taxonomy":"post_tag","embeddable":true,"href":"https:\/\/informacionlocal.es\/it\/wp-json\/wp\/v2\/tags?post=5999"}],"curies":[{"name":"wp","href":"https:\/\/api.w.org\/{rel}","templated":true}]}}