{"id":5987,"date":"2025-07-04T19:13:04","date_gmt":"2025-07-04T19:13:04","guid":{"rendered":"https:\/\/informacionlocal.es\/corralejo-ospita-la-12a-edizione-del-campus-tecnologico-di-pallamano\/"},"modified":"2025-07-04T19:13:04","modified_gmt":"2025-07-04T19:13:04","slug":"corralejo-ospita-la-12a-edizione-del-campus-tecnologico-di-pallamano","status":"publish","type":"post","link":"https:\/\/informacionlocal.es\/it\/corralejo-ospita-la-12a-edizione-del-campus-tecnologico-di-pallamano\/","title":{"rendered":"Corralejo ospita la 12\u00aa edizione del Campus Tecnologico di Pallamano"},"content":{"rendered":"<p>Il Comune di La Oliva, attraverso l&#8217;Assessorato allo Sport, guidato da Gleiber Carre\u00f1o, insieme al Caima Handball Club e al Cabildo Insular de Fuerteventura presentano la 12\u00aa edizione del Campus Tecnologico di Pallamano a Corralejo. Pi\u00f9 di 80 bambini provenienti da Fuerteventura, Tenerife, Gran Canaria, Lanzarote e dalla Spagna continentale potranno godere delle attivit\u00e0 sportive presso il Padiglione Municipale Jos\u00e9 Perdomo Umpi\u00e9rrez della citt\u00e0 settentrionale, in un incontro in cui potranno apprezzare la tecnificazione di questo sport. <\/p>\n<p>Va inoltre sottolineato che i ragazzi e le ragazze non impareranno solo la pallamano, ma svolgeranno anche attivit\u00e0 presso la Scuola Nautica Municipale e momenti di svago presso il Parco Acquatico Acua di Corralejo. Al campus saranno presenti allenatori di fama come Carlos Herrera del Remudas Rocasa Gran Canaria, Juan Miguel P\u00e9rez dello Zonzamas Lanzarote, Jose Ignacio Prades della Nazionale spagnola di pallamano, Jota Gonz\u00e1lez del Benfica e \u00d3scar Perales dell&#8217;Inclusport Valladolid. <\/p>\n<p>Il sindaco di La Oliva, Isa\u00ed Blanco, sottolinea la necessit\u00e0 di continuare a sostenere questo tipo di iniziative: &#8220;La promozione dell&#8217;attivit\u00e0 sportiva \u00e8 fondamentale per i bambini, soprattutto durante la stagione estiva, poich\u00e9 molti bambini smettono di praticare sport in questo periodo dell&#8217;anno, alla fine della stagione scolastica. Inoltre, questo campus permetter\u00e0 loro di continuare a sviluppare la propria tecnica in questo sport&#8221;.  <\/p>\n<p>Da parte sua, l&#8217;assessore allo Sport, Gleiber Carre\u00f1o, sottolinea: &#8220;Continuiamo a promuovere lo sport per i ragazzi e le ragazze, sia all&#8217;interno che all&#8217;esterno della nostra Isola, attraverso la collaborazione con il Caima Handball Club, che ha raggiunto una grande influenza in questo sport con la sua 12\u00aa edizione&#8221;.<\/p>\n<p>A sua volta, l&#8217;assessore allo Sport, Luiso Gonz\u00e1lez, ha dichiarato: &#8220;da parte del Cabildo \u00e8 importante sostenere questo tipo di iniziative che ci permettono di portare la formazione tecnica sull&#8217;isola e continuare a promuovere uno sport come la pallamano sull&#8217;isola&#8221;.<\/p>\n","protected":false},"excerpt":{"rendered":"<p><span>Lo sport potr\u00e0 essere praticato dal 29 giugno al 4 luglio presso il Padiglione Municipale Jos\u00e9 Perdomo Umpi\u00e9rrez, nella citt\u00e0 settentrionale.<\/span><\/p>\n","protected":false},"author":1,"featured_media":5983,"comment_status":"open","ping_status":"open","sticky":false,"template":"","format":"standard","meta":{"inline_featured_image":false,"jnews-multi-image_gallery":[],"jnews_single_post":[],"jnews_primary_category":[],"jnews_social_meta":[],"jnews_override_counter":[],"jnews_post_split":[],"footnotes":""},"categories":[292],"tags":[223,344],"class_list":["post-5987","post","type-post","status-publish","format-standard","has-post-thumbnail","hentry","category-la-oliva-it","tag-fuerteventura-it","tag-sport-it"],"jetpack_featured_media_url":"https:\/\/informacionlocal.es\/wp-content\/uploads\/2025\/07\/5218_31d825ba.png","_links":{"self":[{"href":"https:\/\/informacionlocal.es\/it\/wp-json\/wp\/v2\/posts\/5987","targetHints":{"allow":["GET"]}}],"collection":[{"href":"https:\/\/informacionlocal.es\/it\/wp-json\/wp\/v2\/posts"}],"about":[{"href":"https:\/\/informacionlocal.es\/it\/wp-json\/wp\/v2\/types\/post"}],"author":[{"embeddable":true,"href":"https:\/\/informacionlocal.es\/it\/wp-json\/wp\/v2\/users\/1"}],"replies":[{"embeddable":true,"href":"https:\/\/informacionlocal.es\/it\/wp-json\/wp\/v2\/comments?post=5987"}],"version-history":[{"count":0,"href":"https:\/\/informacionlocal.es\/it\/wp-json\/wp\/v2\/posts\/5987\/revisions"}],"wp:featuredmedia":[{"embeddable":true,"href":"https:\/\/informacionlocal.es\/it\/wp-json\/wp\/v2\/media\/5983"}],"wp:attachment":[{"href":"https:\/\/informacionlocal.es\/it\/wp-json\/wp\/v2\/media?parent=5987"}],"wp:term":[{"taxonomy":"category","embeddable":true,"href":"https:\/\/informacionlocal.es\/it\/wp-json\/wp\/v2\/categories?post=5987"},{"taxonomy":"post_tag","embeddable":true,"href":"https:\/\/informacionlocal.es\/it\/wp-json\/wp\/v2\/tags?post=5987"}],"curies":[{"name":"wp","href":"https:\/\/api.w.org\/{rel}","templated":true}]}}