{"id":5974,"date":"2025-07-04T18:07:57","date_gmt":"2025-07-04T18:07:57","guid":{"rendered":"https:\/\/informacionlocal.es\/il-discorso-di-apertura-della-famiglia-herrera-dominguez-da-il-via-alle-feste-di-las-salinas\/"},"modified":"2025-07-04T18:07:57","modified_gmt":"2025-07-04T18:07:57","slug":"il-discorso-di-apertura-della-famiglia-herrera-dominguez-da-il-via-alle-feste-di-las-salinas","status":"publish","type":"post","link":"https:\/\/informacionlocal.es\/it\/il-discorso-di-apertura-della-famiglia-herrera-dominguez-da-il-via-alle-feste-di-las-salinas\/","title":{"rendered":"Il discorso di apertura della famiglia Herrera Dom\u00ednguez d\u00e0 il via alle Feste di Las Salinas"},"content":{"rendered":"<div class=\"elementor-widget-container\">\n<p><strong>Il discorso di apertura della famiglia Herrera Dom\u00ednguez d\u00e0 il via alle Feste di Las Salinas<\/strong><\/p>\n<p><strong>&#8211; Un brindisi popolare per tutti i partecipanti e le esibizioni di Paco Salinas e Laly Lean completano l&#8217;inizio delle Feste questo venerd\u00ec 4 luglio dalle ore 20:30.  <\/strong><br \/><strong>&#8211; Gara di pesca tradizionale sabato 5 luglio, seguita da una dimostrazione di pesca alla traina e da un laboratorio di pentole.  <\/strong><br \/><strong>&#8211; Questo sabato sera il palco accoglie i Mariachi, il Nuevo Klan e Gente Nueva.<\/strong><br \/><strong>&#8211; I bambini saranno i protagonisti della mattinata e del pomeriggio di domenica 6 luglio con una festa per bambini, gonfiabili, cibo, musica, laboratori e giochi.<\/strong><\/p>\n<p>Il Comune di Antigua, attraverso l&#8217;Assessorato alle Feste e il Comitato Nuestra Se\u00f1ora del Carmen, presenta un ampio programma di concerti, balli all&#8217;aperto, giochi, concorsi e laboratori artigianali, secondo il sindaco Mat\u00edas Pe\u00f1a Garc\u00eda, spettacoli ed eventi volti a riunire tutti i vicini e gli amici di Las Salinas.<\/p>\n<p>La famiglia Herrera Dom\u00ednguez sar\u00e0 protagonista dell&#8217;inizio delle Fiestas de Las Salinas questo venerd\u00ec, con una proclamazione di ricordi e tradizioni, seguita da un brindisi popolare animato dalle esibizioni di Paco Salinas e Laly Jean.<\/p>\n<p>Pedro M. Armas Mart\u00edn, Assessore alle Feste, aggiunge che sabato 5 luglio si terr\u00e0 anche la tradizionale gara di pesca, seguita da una dimostrazione di pesca alla traina e da un laboratorio di pentole, oltre alla gara di dolci di quartiere della prossima settimana.<\/p>\n<p>Il palcoscenico accoglie questo sabato sera a partire dalle ore 22:00 i Mariachis, Nuevo Klan alle ore 00:00 e Gente Nueva alle ore 02:00, ricordando all&#8217;assessore che non c&#8217;\u00e8 modo migliore di divertirsi che in modo responsabile, sottolineando che durante le notti principali e le prime mattine ci sar\u00e0 un Servizio Taxi Speciale.<\/p>\n<p>I laboratori di artigianato gestiti da artigiani creativi costituiscono una parte quasi quotidiana del programma durante i festeggiamenti, sono gratuiti e rivolti a tutte le et\u00e0 e propongono mosaici in ceramica, macram\u00e8, lavorazione del cuoio e micro-macram\u00e8.<\/p>\n<p>In entrambi i fine settimana, a partire dalle 11:00, ci sar\u00e0 un mercatino delle pulci per tutti i gusti, completato domenica 6 luglio dalla Festa dei bambini a partire dalle 12:00 con un pranzo per i pi\u00f9 piccoli alle 14:00 seguito da laboratori e musica divertente.<\/p>\n<\/div>\n","protected":false},"excerpt":{"rendered":"<p><strong>Il discorso di apertura della famiglia Herrera Dom\u00ednguez d\u00e0 il via alle Feste di Las Salinas<\/strong><\/p>\n","protected":false},"author":1,"featured_media":5971,"comment_status":"open","ping_status":"open","sticky":false,"template":"","format":"standard","meta":{"inline_featured_image":false,"jnews-multi-image_gallery":[],"jnews_single_post":[],"jnews_primary_category":[],"jnews_social_meta":[],"jnews_override_counter":[],"jnews_post_split":[],"footnotes":""},"categories":[282],"tags":[],"class_list":["post-5974","post","type-post","status-publish","format-standard","has-post-thumbnail","hentry","category-antigua-it"],"jetpack_featured_media_url":"https:\/\/informacionlocal.es\/wp-content\/uploads\/2025\/07\/ayuntamiento-de-antigua-y-comision-las-salinas-ofrecen-un-magnifico-programa-de-fiestas-1-scaled-1.jpg","_links":{"self":[{"href":"https:\/\/informacionlocal.es\/it\/wp-json\/wp\/v2\/posts\/5974","targetHints":{"allow":["GET"]}}],"collection":[{"href":"https:\/\/informacionlocal.es\/it\/wp-json\/wp\/v2\/posts"}],"about":[{"href":"https:\/\/informacionlocal.es\/it\/wp-json\/wp\/v2\/types\/post"}],"author":[{"embeddable":true,"href":"https:\/\/informacionlocal.es\/it\/wp-json\/wp\/v2\/users\/1"}],"replies":[{"embeddable":true,"href":"https:\/\/informacionlocal.es\/it\/wp-json\/wp\/v2\/comments?post=5974"}],"version-history":[{"count":0,"href":"https:\/\/informacionlocal.es\/it\/wp-json\/wp\/v2\/posts\/5974\/revisions"}],"wp:featuredmedia":[{"embeddable":true,"href":"https:\/\/informacionlocal.es\/it\/wp-json\/wp\/v2\/media\/5971"}],"wp:attachment":[{"href":"https:\/\/informacionlocal.es\/it\/wp-json\/wp\/v2\/media?parent=5974"}],"wp:term":[{"taxonomy":"category","embeddable":true,"href":"https:\/\/informacionlocal.es\/it\/wp-json\/wp\/v2\/categories?post=5974"},{"taxonomy":"post_tag","embeddable":true,"href":"https:\/\/informacionlocal.es\/it\/wp-json\/wp\/v2\/tags?post=5974"}],"curies":[{"name":"wp","href":"https:\/\/api.w.org\/{rel}","templated":true}]}}