{"id":5930,"date":"2025-07-04T15:59:14","date_gmt":"2025-07-04T15:59:14","guid":{"rendered":"https:\/\/informacionlocal.es\/pajara-rafforza-il-suo-impegno-per-luguaglianza-e-lancia-sei-punti-viola\/"},"modified":"2025-07-04T15:59:14","modified_gmt":"2025-07-04T15:59:14","slug":"pajara-rafforza-il-suo-impegno-per-luguaglianza-e-lancia-sei-punti-viola","status":"publish","type":"post","link":"https:\/\/informacionlocal.es\/it\/pajara-rafforza-il-suo-impegno-per-luguaglianza-e-lancia-sei-punti-viola\/","title":{"rendered":"P\u00e1jara rafforza il suo impegno per l&#8217;uguaglianza e lancia sei punti viola"},"content":{"rendered":"<div class=\"entry-content\">\n<p><b><i>L&#8217;iniziativa, che fa parte del Patto di Stato contro la violenza di genere, fornir\u00e0 assistenza e sensibilizzazione in occasione di eventi locali.  <\/i><\/b><\/p>\n<p><span>Il Comune di P\u00e1jara, attraverso l&#8217;Assessorato ai Servizi Sociali e in collaborazione con la Federazione delle Associazioni Femminili Arena y Laurisilva, allestir\u00e0 nei prossimi mesi sei Punti Viola in diverse zone del comune.  <\/span><\/p>\n<p><span>Questa iniziativa fa parte dell&#8217;impegno istituzionale per la parit\u00e0 e l&#8217;eliminazione della violenza di genere. \u00c8 finanziata dal Patto di Stato contro la violenza di genere e da fondi propri del Comune.   <\/span><\/p>\n<p><span>I Punti Viola sono spazi sicuri finalizzati alla prevenzione, alla sensibilizzazione e all&#8217;accompagnamento delle persone che possono trovarsi in situazioni di violenza di genere. Saranno presenti in sei eventi che si terranno in diversi centri abitati, offrendo informazioni, assistenza e orientamento a chiunque ne abbia bisogno.   <\/span><\/p>\n<p><span>Inoltre, nell&#8217;ambito delle azioni promosse dal Comune per promuovere la consapevolezza e l&#8217;empowerment femminile, si inserisce il progetto &#8220;Donne di mare&#8221;, un workshop rivolto alle donne del Comune. Chi \u00e8 interessato a partecipare pu\u00f2 iscriversi chiamando o inviando un WhatsApp a 628763838, dalle ore 7.30 alle 13.30, oppure scrivendo all&#8217;indirizzo e-mail   <\/span><span>serviciossociales@pajara.es<\/span><span>. Le iscrizioni saranno aperte fino a luned\u00ec 7 luglio alle ore 12:00.  <\/span><\/p>\n<p><span>L&#8217;assessore ai Servizi sociali, Kathaisa Rodr\u00edguez, afferma che l&#8217;attuazione di queste misure \u00e8 &#8220;un passo deciso verso un Comune pi\u00f9 sicuro, egualitario e libero dalla violenza&#8221;. Sottolinea inoltre che &#8220;vogliamo che ogni spazio festivo e ogni angolo delle nostre citt\u00e0 sia un luogo in cui tutte le donne si sentano protette e ascoltate&#8221;.   <\/span><\/p>\n<p><span>Da parte sua, il sindaco di P\u00e1jara, Alejandro Jorge, sottolinea che &#8220;la vera uguaglianza si costruisce attraverso l&#8217;azione&#8221;. Dichiara inoltre che con questa iniziativa &#8220;ci stiamo muovendo verso una societ\u00e0 in cui i diritti di tutti sono rispettati. Questa \u00e8 una priorit\u00e0 politica e sociale per il Comune&#8221;.   <\/span><\/p>\n<p><span>In questo senso, il Concistoro desidera ringraziare la collaborazione e il coordinamento dell&#8217;Assessorato alla Cultura e dell&#8217;Assessorato alle Feste, fondamentali per la pianificazione e l&#8217;integrazione dei Punti Viola nel calendario degli eventi pi\u00f9 popolari del Comune.  <\/span><\/p>\n<\/div>\n","protected":false},"excerpt":{"rendered":"<p><i>L&#8217;iniziativa, che fa parte del Patto di Stato contro la violenza di genere, fornir\u00e0 assistenza e sensibilizzazione in occasione di eventi locali.  <\/i><\/p>\n","protected":false},"author":1,"featured_media":5927,"comment_status":"open","ping_status":"open","sticky":false,"template":"","format":"standard","meta":{"inline_featured_image":false,"jnews-multi-image_gallery":[],"jnews_single_post":[],"jnews_primary_category":[],"jnews_social_meta":[],"jnews_override_counter":[],"jnews_post_split":[],"footnotes":""},"categories":[298],"tags":[308,220],"class_list":["post-5930","post","type-post","status-publish","format-standard","has-post-thumbnail","hentry","category-pajara-it","tag-eventos-it","tag-integrazione"],"jetpack_featured_media_url":"https:\/\/informacionlocal.es\/wp-content\/uploads\/2025\/07\/puntos-violetas-e1751612832643.jpg","_links":{"self":[{"href":"https:\/\/informacionlocal.es\/it\/wp-json\/wp\/v2\/posts\/5930","targetHints":{"allow":["GET"]}}],"collection":[{"href":"https:\/\/informacionlocal.es\/it\/wp-json\/wp\/v2\/posts"}],"about":[{"href":"https:\/\/informacionlocal.es\/it\/wp-json\/wp\/v2\/types\/post"}],"author":[{"embeddable":true,"href":"https:\/\/informacionlocal.es\/it\/wp-json\/wp\/v2\/users\/1"}],"replies":[{"embeddable":true,"href":"https:\/\/informacionlocal.es\/it\/wp-json\/wp\/v2\/comments?post=5930"}],"version-history":[{"count":0,"href":"https:\/\/informacionlocal.es\/it\/wp-json\/wp\/v2\/posts\/5930\/revisions"}],"wp:featuredmedia":[{"embeddable":true,"href":"https:\/\/informacionlocal.es\/it\/wp-json\/wp\/v2\/media\/5927"}],"wp:attachment":[{"href":"https:\/\/informacionlocal.es\/it\/wp-json\/wp\/v2\/media?parent=5930"}],"wp:term":[{"taxonomy":"category","embeddable":true,"href":"https:\/\/informacionlocal.es\/it\/wp-json\/wp\/v2\/categories?post=5930"},{"taxonomy":"post_tag","embeddable":true,"href":"https:\/\/informacionlocal.es\/it\/wp-json\/wp\/v2\/tags?post=5930"}],"curies":[{"name":"wp","href":"https:\/\/api.w.org\/{rel}","templated":true}]}}