{"id":5918,"date":"2025-07-04T15:01:25","date_gmt":"2025-07-04T15:01:25","guid":{"rendered":"https:\/\/informacionlocal.es\/la-oliva-celebra-llgtbiq-pride-2025-con-linaugurazione-di-un-elemento-urbano-arcobaleno-a-villaverde\/"},"modified":"2025-07-04T15:01:25","modified_gmt":"2025-07-04T15:01:25","slug":"la-oliva-celebra-llgtbiq-pride-2025-con-linaugurazione-di-un-elemento-urbano-arcobaleno-a-villaverde","status":"publish","type":"post","link":"https:\/\/informacionlocal.es\/it\/la-oliva-celebra-llgtbiq-pride-2025-con-linaugurazione-di-un-elemento-urbano-arcobaleno-a-villaverde\/","title":{"rendered":"La Oliva celebra l&#8217;LGTBIQ+ Pride 2025 con l&#8217;inaugurazione di un elemento urbano arcobaleno a Villaverde"},"content":{"rendered":"<p>Il Comune di La Oliva, attraverso il Dipartimento dei Servizi Sociali, diretto da Joana P\u00e9rez Carre\u00f1o, e con la collaborazione di ALTIHAY Fuerteventura, celebra l&#8217;LGTBIQ+ Pride con l&#8217;inaugurazione di un elemento urbano che si tinge dei colori arcobaleno della bandiera del collettivo. Quest&#8217;anno, l&#8217;LGTBIQ+ PRIDE si celebra per commemorare i 20 anni dall&#8217;approvazione del matrimonio egualitario, 20 anni di progressi nei diritti, e si festeggia in tutte le citt\u00e0 delle Isole Canarie &#8211; Spagna, con lo slogan &#8220;Orgogliosi di essere LGTBI+ oltre le grandi citt\u00e0&#8221;. <\/p>\n<p>Con questa premessa, l&#8217;obiettivo \u00e8 quello di rendere visibile la diversit\u00e0 affettivo-sessuale e di genere al di l\u00e0 delle grandi citt\u00e0, scegliendo cos\u00ec il villaggio di Villaverde per evidenziare un messaggio di orgoglio, inclusione e rispetto nel comune di La Oliva.  <\/p>\n<p>Da parte sua, l&#8217;assessore ai Servizi sociali, Joana P\u00e9rez Carre\u00f1o, sottolinea: &#8220;Questo gesto simbolico riflette il nostro impegno per l&#8217;uguaglianza e il diritto di tutte le persone a vivere liberamente il proprio orientamento affettivo-sessuale e\/o la propria identit\u00e0 di genere&#8221;.  <\/p>\n<p>Questa azione risponde all&#8217;impegno dell&#8217;amministrazione locale non solo per la celebrazione del mese dell&#8217;orgoglio LGTBIQ+, ma anche per continuare la visibilit\u00e0 del collettivo nella societ\u00e0.<\/p>\n","protected":false},"excerpt":{"rendered":"<p><span>Il Concistoro sostiene l&#8217;iniziativa che viene celebrata in tutte le citt\u00e0 delle Isole Canarie &#8211; Spagna, con lo slogan &#8220;Orgogliosi di essere LGTBI+ oltre le grandi citt\u00e0&#8221;.<\/span><\/p>\n","protected":false},"author":1,"featured_media":5915,"comment_status":"open","ping_status":"open","sticky":false,"template":"","format":"standard","meta":{"inline_featured_image":false,"jnews-multi-image_gallery":[],"jnews_single_post":[],"jnews_primary_category":[],"jnews_social_meta":[],"jnews_override_counter":[],"jnews_post_split":[],"footnotes":""},"categories":[292],"tags":[223],"class_list":["post-5918","post","type-post","status-publish","format-standard","has-post-thumbnail","hentry","category-la-oliva-it","tag-fuerteventura-it"],"jetpack_featured_media_url":"https:\/\/informacionlocal.es\/wp-content\/uploads\/2025\/07\/5219_a61c1ea1.png","_links":{"self":[{"href":"https:\/\/informacionlocal.es\/it\/wp-json\/wp\/v2\/posts\/5918","targetHints":{"allow":["GET"]}}],"collection":[{"href":"https:\/\/informacionlocal.es\/it\/wp-json\/wp\/v2\/posts"}],"about":[{"href":"https:\/\/informacionlocal.es\/it\/wp-json\/wp\/v2\/types\/post"}],"author":[{"embeddable":true,"href":"https:\/\/informacionlocal.es\/it\/wp-json\/wp\/v2\/users\/1"}],"replies":[{"embeddable":true,"href":"https:\/\/informacionlocal.es\/it\/wp-json\/wp\/v2\/comments?post=5918"}],"version-history":[{"count":0,"href":"https:\/\/informacionlocal.es\/it\/wp-json\/wp\/v2\/posts\/5918\/revisions"}],"wp:featuredmedia":[{"embeddable":true,"href":"https:\/\/informacionlocal.es\/it\/wp-json\/wp\/v2\/media\/5915"}],"wp:attachment":[{"href":"https:\/\/informacionlocal.es\/it\/wp-json\/wp\/v2\/media?parent=5918"}],"wp:term":[{"taxonomy":"category","embeddable":true,"href":"https:\/\/informacionlocal.es\/it\/wp-json\/wp\/v2\/categories?post=5918"},{"taxonomy":"post_tag","embeddable":true,"href":"https:\/\/informacionlocal.es\/it\/wp-json\/wp\/v2\/tags?post=5918"}],"curies":[{"name":"wp","href":"https:\/\/api.w.org\/{rel}","templated":true}]}}