{"id":5906,"date":"2025-07-04T14:09:45","date_gmt":"2025-07-04T14:09:45","guid":{"rendered":"https:\/\/informacionlocal.es\/mercato-contadino-questa-domenica-in-plaza-de-antigua\/"},"modified":"2025-07-04T14:09:45","modified_gmt":"2025-07-04T14:09:45","slug":"mercato-contadino-questa-domenica-in-plaza-de-antigua","status":"publish","type":"post","link":"https:\/\/informacionlocal.es\/it\/mercato-contadino-questa-domenica-in-plaza-de-antigua\/","title":{"rendered":"Mercato contadino questa domenica in Plaza de Antigua"},"content":{"rendered":"<div class=\"elementor-widget-container\">\n<p><strong>Mercato contadino questa domenica in Plaza de Antigua<\/strong><\/p>\n<p><strong>&#8211; Questa domenica 6 luglio, dalle ore 9:00 alle 14:00, i prodotti freschi e i dolci, le salse e le prelibatezze gastronomiche di produzione locale saranno presenti nella Plaza de Antigua.  <\/strong><br \/><strong>&#8211; Prodotti freschi, prodotti artigianali o succhi di canna appena spremuti in un mercato contadino animato dal parrandeo de Los Tres Amigos.<\/strong><\/p>\n<p>Come ogni prima domenica del mese, il Municipio di Antigua del Dipartimento di Agricoltura, Allevamento e Pesca organizza il 6 luglio mattina, dalle 09:00 alle 14:00, il Mercato Agricolo nella Plaza de Antigua, con una variet\u00e0 di verdure, piante ornamentali, spezie, formaggi vari, pane, torte, dolci fatti in casa, mojos, conserve e pesce secco.<\/p>\n<p>In questa occasione, dice l&#8217;assessore al settore primario di Antigua, Fernando Estupi\u00f1\u00e1n, avremo l&#8217;intrattenimento del gruppo parrandero Los Tres Amigos e ancora una volta potremo assaggiare il succo di canna da zucchero fatto sul posto quando viene ordinato.<\/p>\n<p>Il consigliere Estupi\u00f1\u00e1n invita tutti i produttori che ne fanno richiesta a partecipare, ricordando loro che il Comune stesso fornisce gratuitamente lo spazio, l&#8217;allestimento della tenda per ogni bancarella e l&#8217;allacciamento alla rete elettrica, se necessario.<\/p>\n<p>Il Mercato Contadino di Antigua, aggiunge il sindaco Mat\u00edas Pe\u00f1a Garc\u00eda, \u00e8 un punto d&#8217;incontro che riflette il settore primario e la produzione locale, che cresce a ogni edizione e riunisce gli abitanti del comune nella piazza, completando il paniere con prodotti freschi, godendo di musica dal vivo e visitando i ristoranti e i negozi vicini.<\/p>\n<\/div>\n","protected":false},"excerpt":{"rendered":"<p><strong>Mercato contadino questa domenica in Plaza de Antigua<\/strong><\/p>\n","protected":false},"author":1,"featured_media":5903,"comment_status":"open","ping_status":"open","sticky":false,"template":"","format":"standard","meta":{"inline_featured_image":false,"jnews-multi-image_gallery":[],"jnews_single_post":[],"jnews_primary_category":[],"jnews_social_meta":[],"jnews_override_counter":[],"jnews_post_split":[],"footnotes":""},"categories":[282],"tags":[],"class_list":["post-5906","post","type-post","status-publish","format-standard","has-post-thumbnail","hentry","category-antigua-it"],"jetpack_featured_media_url":"https:\/\/informacionlocal.es\/wp-content\/uploads\/2025\/07\/mercadillo-agricola-de-antigua.jpg","_links":{"self":[{"href":"https:\/\/informacionlocal.es\/it\/wp-json\/wp\/v2\/posts\/5906","targetHints":{"allow":["GET"]}}],"collection":[{"href":"https:\/\/informacionlocal.es\/it\/wp-json\/wp\/v2\/posts"}],"about":[{"href":"https:\/\/informacionlocal.es\/it\/wp-json\/wp\/v2\/types\/post"}],"author":[{"embeddable":true,"href":"https:\/\/informacionlocal.es\/it\/wp-json\/wp\/v2\/users\/1"}],"replies":[{"embeddable":true,"href":"https:\/\/informacionlocal.es\/it\/wp-json\/wp\/v2\/comments?post=5906"}],"version-history":[{"count":0,"href":"https:\/\/informacionlocal.es\/it\/wp-json\/wp\/v2\/posts\/5906\/revisions"}],"wp:featuredmedia":[{"embeddable":true,"href":"https:\/\/informacionlocal.es\/it\/wp-json\/wp\/v2\/media\/5903"}],"wp:attachment":[{"href":"https:\/\/informacionlocal.es\/it\/wp-json\/wp\/v2\/media?parent=5906"}],"wp:term":[{"taxonomy":"category","embeddable":true,"href":"https:\/\/informacionlocal.es\/it\/wp-json\/wp\/v2\/categories?post=5906"},{"taxonomy":"post_tag","embeddable":true,"href":"https:\/\/informacionlocal.es\/it\/wp-json\/wp\/v2\/tags?post=5906"}],"curies":[{"name":"wp","href":"https:\/\/api.w.org\/{rel}","templated":true}]}}