{"id":5880,"date":"2025-07-04T12:02:04","date_gmt":"2025-07-04T12:02:04","guid":{"rendered":"https:\/\/informacionlocal.es\/annotazioni-stabilire-che-la-signora-miriam-de-leon-fabregas-portavoce-del-gruppo-municipale-del-pp-svolgera-le-sue-funzioni-a-tempo-parziale\/"},"modified":"2025-07-04T12:02:04","modified_gmt":"2025-07-04T12:02:04","slug":"annotazioni-stabilire-che-la-signora-miriam-de-leon-fabregas-portavoce-del-gruppo-municipale-del-pp-svolgera-le-sue-funzioni-a-tempo-parziale","status":"publish","type":"post","link":"https:\/\/informacionlocal.es\/it\/annotazioni-stabilire-che-la-signora-miriam-de-leon-fabregas-portavoce-del-gruppo-municipale-del-pp-svolgera-le-sue-funzioni-a-tempo-parziale\/","title":{"rendered":"ANNOTAZIONI: stabilire che la signora Miriam de Le\u00f3n F\u00e1bregas, portavoce del gruppo municipale del PP, svolger\u00e0 le sue funzioni a tempo parziale."},"content":{"rendered":"<div class=\"entry-content\">\n<p>Annuncio che indica che la signora Miriam de Le\u00f3n F\u00e1bregas, portavoce del gruppo municipale del PP, svolger\u00e0 le sue funzioni a tempo parziale.<\/p>\n<p><span class=\"mb-center maxbutton-1-center\"><span class=\"maxbutton-1-container mb-container\"><span class=\"mb-text\">Vedi PUBBLICITA&#8217;<\/span><\/span><\/span><\/div>\n","protected":false},"excerpt":{"rendered":"<p>Annuncio che indica che la signora Miriam de Le\u00f3n F\u00e1bregas, portavoce del gruppo municipale del PP, svolger\u00e0 le sue funzioni a tempo parziale. Vedi PUBBLICITA&#8217;<\/p>\n","protected":false},"author":1,"featured_media":5877,"comment_status":"open","ping_status":"open","sticky":false,"template":"","format":"standard","meta":{"inline_featured_image":false,"jnews-multi-image_gallery":[],"jnews_single_post":[],"jnews_primary_category":[],"jnews_social_meta":[],"jnews_override_counter":[],"jnews_post_split":[],"footnotes":""},"categories":[298],"tags":[],"class_list":["post-5880","post","type-post","status-publish","format-standard","has-post-thumbnail","hentry","category-pajara-it"],"jetpack_featured_media_url":"https:\/\/informacionlocal.es\/wp-content\/uploads\/2025\/07\/nofoto.png","_links":{"self":[{"href":"https:\/\/informacionlocal.es\/it\/wp-json\/wp\/v2\/posts\/5880","targetHints":{"allow":["GET"]}}],"collection":[{"href":"https:\/\/informacionlocal.es\/it\/wp-json\/wp\/v2\/posts"}],"about":[{"href":"https:\/\/informacionlocal.es\/it\/wp-json\/wp\/v2\/types\/post"}],"author":[{"embeddable":true,"href":"https:\/\/informacionlocal.es\/it\/wp-json\/wp\/v2\/users\/1"}],"replies":[{"embeddable":true,"href":"https:\/\/informacionlocal.es\/it\/wp-json\/wp\/v2\/comments?post=5880"}],"version-history":[{"count":0,"href":"https:\/\/informacionlocal.es\/it\/wp-json\/wp\/v2\/posts\/5880\/revisions"}],"wp:featuredmedia":[{"embeddable":true,"href":"https:\/\/informacionlocal.es\/it\/wp-json\/wp\/v2\/media\/5877"}],"wp:attachment":[{"href":"https:\/\/informacionlocal.es\/it\/wp-json\/wp\/v2\/media?parent=5880"}],"wp:term":[{"taxonomy":"category","embeddable":true,"href":"https:\/\/informacionlocal.es\/it\/wp-json\/wp\/v2\/categories?post=5880"},{"taxonomy":"post_tag","embeddable":true,"href":"https:\/\/informacionlocal.es\/it\/wp-json\/wp\/v2\/tags?post=5880"}],"curies":[{"name":"wp","href":"https:\/\/api.w.org\/{rel}","templated":true}]}}