{"id":5869,"date":"2025-07-04T11:01:56","date_gmt":"2025-07-04T11:01:56","guid":{"rendered":"https:\/\/informacionlocal.es\/registrazione-riuscita-per-linclusive-camp-2025\/"},"modified":"2025-07-04T11:01:56","modified_gmt":"2025-07-04T11:01:56","slug":"registrazione-riuscita-per-linclusive-camp-2025","status":"publish","type":"post","link":"https:\/\/informacionlocal.es\/it\/registrazione-riuscita-per-linclusive-camp-2025\/","title":{"rendered":"Registrazione riuscita per l&#8217;Inclusive Camp 2025"},"content":{"rendered":"<p>Il Comune di La Oliva, attraverso l&#8217;area di Prevenzione del Dipartimento dei Servizi Sociali, guidata da Joana P\u00e9rez Carre\u00f1o, inaugura il Campo Inclusivo 2025. Il successo del numero di iscrizioni a questa attivit\u00e0 dimostra il crescente interesse delle famiglie per l&#8217;inclusione, il divertimento e lo sviluppo personale dei bambini pi\u00f9 piccoli del comune.   <\/p>\n<p>Il campo, che si terr\u00e0 presso il rifugio municipale di El Cohombrillo, \u00e8 rivolto a bambini di et\u00e0 compresa tra i 6 e i 12 anni e si svolger\u00e0 dal 30 giugno al 4 luglio. Va notato, a sua volta, che l&#8217;iniziativa ha riservato dei posti per i bambini con disabilit\u00e0, garantendo cos\u00ec una partecipazione paritaria e l&#8217;accesso di tutti i bambini a esperienze arricchenti a parit\u00e0 di condizioni.   <\/p>\n<p>Il sindaco di La Oliva, Isa\u00ed Blanco, sottolinea la necessit\u00e0 di continuare a promuovere questo tipo di attivit\u00e0 tra i bambini: &#8220;Lo sviluppo del Campo inclusivo \u00e8 fondamentale per continuare a progredire come societ\u00e0. Questa attivit\u00e0 dimostra che l&#8217;inclusione non \u00e8 un&#8217;opzione, ma una parte essenziale della nostra cittadinanza, un tema di grande rilevanza per il gruppo di governo e in cui continueremo a lavorare per garantire l&#8217;equit\u00e0 tra bambini e bambine nel nostro comune&#8221;.<\/p>\n<p>Da parte sua, l&#8217;assessore ai Servizi sociali, Joana P\u00e9rez Carre\u00f1o, ha ringraziato le famiglie per la loro risposta e ha sottolineato l&#8217;impegno del Comune per l&#8217;inclusione: &#8220;Questo campo \u00e8 un riflesso del modello di societ\u00e0 che vogliamo costruire: una comunit\u00e0 diversificata, solidale e inclusiva, dove ogni bambino ha l&#8217;opportunit\u00e0 di divertirsi, imparare e crescere senza barriere. Siamo molto entusiasti dell&#8217;accoglienza di questa iniziativa, di cui abbiamo gi\u00e0 avuto una prima esperienza con il campo di Natale, e continueremo a lavorare per offrire spazi di convivenza e benessere per tutti&#8221;.  <\/p>\n<p>Il successo di questo evento rafforza l&#8217;impegno del Comune nelle politiche sociali che promuovono l&#8217;integrazione, la partecipazione attiva e il diritto al tempo libero per tutti i bambini.<\/p>\n","protected":false},"excerpt":{"rendered":"<p><span>Il Concistoro rimane impegnato in un modello sociale inclusivo e senza barriere.<\/span><\/p>\n","protected":false},"author":1,"featured_media":5865,"comment_status":"open","ping_status":"open","sticky":false,"template":"","format":"standard","meta":{"inline_featured_image":false,"jnews-multi-image_gallery":[],"jnews_single_post":[],"jnews_primary_category":[],"jnews_social_meta":[],"jnews_override_counter":[],"jnews_post_split":[],"footnotes":""},"categories":[292],"tags":[],"class_list":["post-5869","post","type-post","status-publish","format-standard","has-post-thumbnail","hentry","category-la-oliva-it"],"jetpack_featured_media_url":"https:\/\/informacionlocal.es\/wp-content\/uploads\/2025\/07\/5220_07fcca39.png","_links":{"self":[{"href":"https:\/\/informacionlocal.es\/it\/wp-json\/wp\/v2\/posts\/5869","targetHints":{"allow":["GET"]}}],"collection":[{"href":"https:\/\/informacionlocal.es\/it\/wp-json\/wp\/v2\/posts"}],"about":[{"href":"https:\/\/informacionlocal.es\/it\/wp-json\/wp\/v2\/types\/post"}],"author":[{"embeddable":true,"href":"https:\/\/informacionlocal.es\/it\/wp-json\/wp\/v2\/users\/1"}],"replies":[{"embeddable":true,"href":"https:\/\/informacionlocal.es\/it\/wp-json\/wp\/v2\/comments?post=5869"}],"version-history":[{"count":0,"href":"https:\/\/informacionlocal.es\/it\/wp-json\/wp\/v2\/posts\/5869\/revisions"}],"wp:featuredmedia":[{"embeddable":true,"href":"https:\/\/informacionlocal.es\/it\/wp-json\/wp\/v2\/media\/5865"}],"wp:attachment":[{"href":"https:\/\/informacionlocal.es\/it\/wp-json\/wp\/v2\/media?parent=5869"}],"wp:term":[{"taxonomy":"category","embeddable":true,"href":"https:\/\/informacionlocal.es\/it\/wp-json\/wp\/v2\/categories?post=5869"},{"taxonomy":"post_tag","embeddable":true,"href":"https:\/\/informacionlocal.es\/it\/wp-json\/wp\/v2\/tags?post=5869"}],"curies":[{"name":"wp","href":"https:\/\/api.w.org\/{rel}","templated":true}]}}