{"id":5807,"date":"2025-06-18T21:57:15","date_gmt":"2025-06-18T21:57:15","guid":{"rendered":"https:\/\/informacionlocal.es\/la-casa-della-cultura-ospita-la-mostra-metamorphosis-dellartista-nigel-collingwood\/"},"modified":"2025-06-18T21:57:15","modified_gmt":"2025-06-18T21:57:15","slug":"la-casa-della-cultura-ospita-la-mostra-metamorphosis-dellartista-nigel-collingwood","status":"publish","type":"post","link":"https:\/\/informacionlocal.es\/it\/la-casa-della-cultura-ospita-la-mostra-metamorphosis-dellartista-nigel-collingwood\/","title":{"rendered":"La Casa della Cultura ospita la mostra &#8220;Metamorphosis&#8221; dell&#8217;artista Nigel Collingwood."},"content":{"rendered":"<div class=\"entry-content\">\n<p>Mercoled\u00ec pomeriggio, 18 giugno, \u00e8 stata inaugurata la mostra fotografica \u201cMetamorfosi\u201d nella Casa della Cultura di Puerto del Rosario.<\/p>\n<p>In questa mostra, il fotografo vuole suscitare l \u201cinteresse di pensare e interrogarsi sulle possibili metamorfosi che si verificano nella vita quotidiana. Oltre alle interazioni umane durante le generazioni che si sono succedute nell\u201d antichit\u00e0 e che costituiscono la Storia delle Culture. <\/p>\n<p>Il <strong>sindaco, David de Vera,<\/strong> ha sottolineato &#8220;il numero di immagini ancorate nel tempo che si aggiungono a una mostra che dovrebbe essere visitata per la qualit\u00e0 del messaggio che trasmette e che ci insegna a valorizzare il nostro paesaggio e l&#8217;ambiente&#8221;.<\/p>\n<p>L&#8217;<strong>assessore alla Cultura, Juan Manuel Verdugo<\/strong>, ha sottolineato &#8220;la variet\u00e0 di immagini dei fondali marini, della flora e dei paesaggi dell&#8217;isola che ci invitano a riflettere e ad apprezzare l&#8217;ambiente di cui godiamo. Una vera e propria metamorfosi che merita una visita&#8221;.<\/p>\n<p>L \u201c<strong>artista, Nigel Collingwood, ha <\/strong>ringraziato l\u201d amministrazione comunale \u201cper la loro collaborazione nel portare a compimento questa mostra, che riassume diversi anni di esperienza, osservazione e godimento di ogni immagine che voglio condividere e trasmettere al pubblico\u201d.<\/p>\n<p>Nigel Collingwood, nato nel 1948 a Natal (Brasile), da genitori britannici, \u00e8 a Fuerteventura da pi\u00f9 di 50 anni e ha partecipato a molte attivit\u00e0 legate al turismo, all&#8217;ambiente e allo sport. \u00c8 istruttore subacqueo ed ecologo marino. <\/p>\n<p>La mostra rimarr\u00e0 aperta fino a mercoled\u00ec 16 luglio, dal luned\u00ec al venerd\u00ec con orario 10:00-13:00 e 17:00-20:00, con ingresso libero.<\/p>\n<p>La Casa della Cultura si trova in Calle Ramiro de Maeztu, 2.<\/p>\n<p>(di fronte alla Biblioteca Comunale).<\/p>\n<\/div>\n","protected":false},"excerpt":{"rendered":"<p>Mercoled\u00ec pomeriggio, 18 giugno, \u00e8 stata inaugurata la mostra fotografica \u201cMetamorfosi\u201d nella Casa della Cultura di Puerto del Rosario. In questa mostra, il fotografo vuole suscitare l \u201cinteresse di pensare [&hellip;]<\/p>\n","protected":false},"author":1,"featured_media":5804,"comment_status":"open","ping_status":"open","sticky":false,"template":"","format":"standard","meta":{"inline_featured_image":false,"jnews-multi-image_gallery":[],"jnews_single_post":[],"jnews_primary_category":[],"jnews_social_meta":[],"jnews_override_counter":[],"jnews_post_split":[],"footnotes":""},"categories":[295],"tags":[205,223],"class_list":["post-5807","post","type-post","status-publish","format-standard","has-post-thumbnail","hentry","category-puerto-del-rosario-it","tag-ambiente","tag-fuerteventura-it"],"jetpack_featured_media_url":"https:\/\/informacionlocal.es\/wp-content\/uploads\/2025\/06\/metamorfosis-22-roll-alcalde-verdugo-nigel.jpg","_links":{"self":[{"href":"https:\/\/informacionlocal.es\/it\/wp-json\/wp\/v2\/posts\/5807","targetHints":{"allow":["GET"]}}],"collection":[{"href":"https:\/\/informacionlocal.es\/it\/wp-json\/wp\/v2\/posts"}],"about":[{"href":"https:\/\/informacionlocal.es\/it\/wp-json\/wp\/v2\/types\/post"}],"author":[{"embeddable":true,"href":"https:\/\/informacionlocal.es\/it\/wp-json\/wp\/v2\/users\/1"}],"replies":[{"embeddable":true,"href":"https:\/\/informacionlocal.es\/it\/wp-json\/wp\/v2\/comments?post=5807"}],"version-history":[{"count":0,"href":"https:\/\/informacionlocal.es\/it\/wp-json\/wp\/v2\/posts\/5807\/revisions"}],"wp:featuredmedia":[{"embeddable":true,"href":"https:\/\/informacionlocal.es\/it\/wp-json\/wp\/v2\/media\/5804"}],"wp:attachment":[{"href":"https:\/\/informacionlocal.es\/it\/wp-json\/wp\/v2\/media?parent=5807"}],"wp:term":[{"taxonomy":"category","embeddable":true,"href":"https:\/\/informacionlocal.es\/it\/wp-json\/wp\/v2\/categories?post=5807"},{"taxonomy":"post_tag","embeddable":true,"href":"https:\/\/informacionlocal.es\/it\/wp-json\/wp\/v2\/tags?post=5807"}],"curies":[{"name":"wp","href":"https:\/\/api.w.org\/{rel}","templated":true}]}}