{"id":5779,"date":"2025-06-18T13:03:21","date_gmt":"2025-06-18T13:03:21","guid":{"rendered":"https:\/\/informacionlocal.es\/antigua-organizza-il-campo-culturale-creando-arte-en-verano-creando-arte-in-estate\/"},"modified":"2025-06-18T13:03:21","modified_gmt":"2025-06-18T13:03:21","slug":"antigua-organizza-il-campo-culturale-creando-arte-en-verano-creando-arte-in-estate","status":"publish","type":"post","link":"https:\/\/informacionlocal.es\/it\/antigua-organizza-il-campo-culturale-creando-arte-en-verano-creando-arte-in-estate\/","title":{"rendered":"Antigua organizza il Campo Culturale Creando Arte en Verano (Creando Arte in Estate)"},"content":{"rendered":"<div class=\"elementor-widget-container\">\n<p><strong>Antigua organizza il Campo Culturale Creando Arte en Verano (Creando Arte in Estate)<\/strong><\/p>\n<p><strong>&#8211; I centri culturali di Caleta de Fuste, Triquivijate, Valles de Ortega e la Biblioteca di Antigua ospitano il campo culturale Creando Arte en Verano.<\/strong><br \/><strong>&#8211; Iscrizione gratuita attraverso il Registro d \u201ciscrizione dal 23 al 30 giugno, con il requisito di essere registrati nel Comune di Antigua e di avere un\u201d et\u00e0 compresa tra gli 11 e i 16 anni.<\/strong><\/p>\n<p>Il Municipio di Antigua, dal Dipartimento di Cultura, organizza e annuncia un Campo estivo culturale con iscrizione gratuita, offrendo 50 posti; gli unici due requisiti sono essere registrati nel Comune di Antigua e avere tra gli 11 e i 16 anni.<\/p>\n<p>Vogliamo continuare a promuovere la cultura in tutti i suoi aspetti artistici e creativi, essendo una delle migliori alternative di svago che si possano avere, in questo caso, per i giovani del comune&#8221;, afferma il sindaco, Mat\u00edas Pe\u00f1a Garc\u00eda.<\/p>\n<p>Il campo si propone di offrire un \u201cesperienza educativa, artistica e ricreativa attraverso attivit\u00e0 tenute da professionisti specializzati in diverse discipline come la danza, la musica, il teatro, il cinema, la letteratura o un workshop di DJ, spiega il consigliere di zona, Jonathan Pe\u00f1a, l\u201d idea \u00e8 quella di offrire un \u201calternativa culturale di qualit\u00e0 durante l\u201d estate per gli adolescenti in et\u00e0 scolare.<\/p>\n<p>La proposta del campo estivo mira a favorire lo sviluppo integrale dei partecipanti attraverso attivit\u00e0 che promuovono la creativit\u00e0, il lavoro di squadra, l&#8217;espressione artistica e il pensiero critico, promuovendo al contempo attivit\u00e0 ricreative sane e arricchenti.<\/p>\n<p>Durante il mese di luglio, il Campo Culturale Creando Arte en Verano (Creando Arte in Estate) si terr\u00e0 la mattina dalle 09:00 alle 14:00, proponendo attivit\u00e0 di danza, musica, teatro, circo, letteratura, cinema e DJ che gireranno per i centri culturali del comune, iniziando a Caleta de Fuste dal 7 all&#8217;11, a Triquivijate dal 14 al 18, a Valles de Ortega dal 21 al 25 e nella Biblioteca di Antigua dal 28 al 1\u00b0 agosto.<\/p>\n<\/div>\n","protected":false},"excerpt":{"rendered":"<p><strong>Antigua organizza il Campo Culturale Creando Arte en Verano (Creando Arte in Estate)<\/strong><\/p>\n","protected":false},"author":1,"featured_media":5776,"comment_status":"open","ping_status":"open","sticky":false,"template":"","format":"standard","meta":{"inline_featured_image":false,"jnews-multi-image_gallery":[],"jnews_single_post":[],"jnews_primary_category":[],"jnews_social_meta":[],"jnews_override_counter":[],"jnews_post_split":[],"footnotes":""},"categories":[282],"tags":[],"class_list":["post-5779","post","type-post","status-publish","format-standard","has-post-thumbnail","hentry","category-antigua-it"],"jetpack_featured_media_url":"https:\/\/informacionlocal.es\/wp-content\/uploads\/2025\/06\/cartel_campamentoverano-antigua.jpg","_links":{"self":[{"href":"https:\/\/informacionlocal.es\/it\/wp-json\/wp\/v2\/posts\/5779","targetHints":{"allow":["GET"]}}],"collection":[{"href":"https:\/\/informacionlocal.es\/it\/wp-json\/wp\/v2\/posts"}],"about":[{"href":"https:\/\/informacionlocal.es\/it\/wp-json\/wp\/v2\/types\/post"}],"author":[{"embeddable":true,"href":"https:\/\/informacionlocal.es\/it\/wp-json\/wp\/v2\/users\/1"}],"replies":[{"embeddable":true,"href":"https:\/\/informacionlocal.es\/it\/wp-json\/wp\/v2\/comments?post=5779"}],"version-history":[{"count":0,"href":"https:\/\/informacionlocal.es\/it\/wp-json\/wp\/v2\/posts\/5779\/revisions"}],"wp:featuredmedia":[{"embeddable":true,"href":"https:\/\/informacionlocal.es\/it\/wp-json\/wp\/v2\/media\/5776"}],"wp:attachment":[{"href":"https:\/\/informacionlocal.es\/it\/wp-json\/wp\/v2\/media?parent=5779"}],"wp:term":[{"taxonomy":"category","embeddable":true,"href":"https:\/\/informacionlocal.es\/it\/wp-json\/wp\/v2\/categories?post=5779"},{"taxonomy":"post_tag","embeddable":true,"href":"https:\/\/informacionlocal.es\/it\/wp-json\/wp\/v2\/tags?post=5779"}],"curies":[{"name":"wp","href":"https:\/\/api.w.org\/{rel}","templated":true}]}}