{"id":5766,"date":"2025-06-18T12:47:43","date_gmt":"2025-06-18T12:47:43","guid":{"rendered":"https:\/\/informacionlocal.es\/corralejo-si-veste-di-colore-con-il-fuerteventura-holi-colour-festival-il-22-giugno\/"},"modified":"2025-06-18T12:47:43","modified_gmt":"2025-06-18T12:47:43","slug":"corralejo-si-veste-di-colore-con-il-fuerteventura-holi-colour-festival-il-22-giugno","status":"publish","type":"post","link":"https:\/\/informacionlocal.es\/it\/corralejo-si-veste-di-colore-con-il-fuerteventura-holi-colour-festival-il-22-giugno\/","title":{"rendered":"Corralejo si veste di colore con il Fuerteventura Holi Colour Festival il 22 giugno"},"content":{"rendered":"<p>Il Fuerteventura Holi Colour Festival torna a inondare Corralejo con un&#8217;esplosione di colori questa domenica 22 giugno. Il Comune di La Oliva, attraverso il Dipartimento del Turismo, diretto da David Fajardo, insieme all&#8217;organizzazione del Club Hindustani di Fuerteventura, \u00e8 responsabile della promozione della diversit\u00e0 culturale e dell&#8217;integrazione di questa comunit\u00e0 nel comune. <\/p>\n<p>L&#8217;evento si svolger\u00e0 nella Plaza Patricio Calero dalle 12:00 alle 21:00, dove DJ internazionali, esibizioni dal vivo, cucina indiana e altre attivit\u00e0 per tutti i pubblici riempiranno la citt\u00e0 settentrionale di un&#8217;atmosfera vibrante e festosa. Artisti con i migliori ritmi bollywoodiani come DJ Vish, l&#8217;headliner urbano DJ Conjurer, Iv\u00e1n Andr\u00e9s DJ, Ale Monserratt e il gruppo K-Libre si occuperanno di dare melodia a questa giornata multiculturale. <\/p>\n<p>Il sindaco di La Oliva, Isa\u00ed Blanco, sottolinea: &#8220;Un evento come l&#8217;Holi Colour Festival sottolinea, ancora una volta, la ricchezza culturale di cui godiamo nel nostro comune. Dal Municipio di La Oliva, invitiamo sia i nostri vicini che i turisti che si trovano a Fuerteventura in questi giorni a godere di questo incontro in cui la cultura ind\u00f9 prende le strade di Corralejo&#8221;.  <\/p>\n<p>Da parte sua, l &#8220;assessore al Turismo, David Fajardo, afferma: \u2018Questa \u00e8 una grande opportunit\u00e0 non solo per far conoscere la multiculturalit\u00e0 del nostro Comune, ma anche per arricchire la nostra offerta turistica promuovendo lo scambio culturale. La ricchezza culturale, la squisita gastronomia e l\u2019 allegria di un evento come Holi attireranno i visitatori nel nostro Comune per celebrare questo incontro multiculturale per tutti i pubblici&#8221;.  <\/p>\n<p>Infine, il rappresentante del Club Hindustani di Fuerteventura, Aman Jaising Harpalani, afferma: &#8220;Dall \u2018organizzazione del Fuerteventura Holi Colour Festival, vorremmo invitare tutti &#8211; Majoreros e visitatori &#8211; a celebrare con noi una giornata unica che rende omaggio alla diversit\u00e0 culturale. L\u2019 Holi, conosciuto come il festival dei colori, simboleggia l \u2018arrivo del bel tempo e l\u2019 opportunit\u00e0 di lasciarsi alle spalle le cose negative e ricominciare con gioia&#8221;.<\/p>\n","protected":false},"excerpt":{"rendered":"<p><span>Gli abitanti del luogo e i visitatori potranno assistere a questo evento multiculturale in cui la musica, i colori e la tradizione della comunit\u00e0 ind\u00f9 si impadroniranno di Plaza Patricio Calero dalle 12:00 alle 21:00.<\/span><\/p>\n","protected":false},"author":1,"featured_media":5764,"comment_status":"open","ping_status":"open","sticky":false,"template":"","format":"standard","meta":{"inline_featured_image":false,"jnews-multi-image_gallery":[],"jnews_single_post":[],"jnews_primary_category":[],"jnews_social_meta":[],"jnews_override_counter":[],"jnews_post_split":[],"footnotes":""},"categories":[292],"tags":[223,220],"class_list":["post-5766","post","type-post","status-publish","format-standard","has-post-thumbnail","hentry","category-la-oliva-it","tag-fuerteventura-it","tag-integrazione"],"jetpack_featured_media_url":"https:\/\/informacionlocal.es\/wp-content\/uploads\/2025\/06\/5217_c40c64df.png","_links":{"self":[{"href":"https:\/\/informacionlocal.es\/it\/wp-json\/wp\/v2\/posts\/5766","targetHints":{"allow":["GET"]}}],"collection":[{"href":"https:\/\/informacionlocal.es\/it\/wp-json\/wp\/v2\/posts"}],"about":[{"href":"https:\/\/informacionlocal.es\/it\/wp-json\/wp\/v2\/types\/post"}],"author":[{"embeddable":true,"href":"https:\/\/informacionlocal.es\/it\/wp-json\/wp\/v2\/users\/1"}],"replies":[{"embeddable":true,"href":"https:\/\/informacionlocal.es\/it\/wp-json\/wp\/v2\/comments?post=5766"}],"version-history":[{"count":0,"href":"https:\/\/informacionlocal.es\/it\/wp-json\/wp\/v2\/posts\/5766\/revisions"}],"wp:featuredmedia":[{"embeddable":true,"href":"https:\/\/informacionlocal.es\/it\/wp-json\/wp\/v2\/media\/5764"}],"wp:attachment":[{"href":"https:\/\/informacionlocal.es\/it\/wp-json\/wp\/v2\/media?parent=5766"}],"wp:term":[{"taxonomy":"category","embeddable":true,"href":"https:\/\/informacionlocal.es\/it\/wp-json\/wp\/v2\/categories?post=5766"},{"taxonomy":"post_tag","embeddable":true,"href":"https:\/\/informacionlocal.es\/it\/wp-json\/wp\/v2\/tags?post=5766"}],"curies":[{"name":"wp","href":"https:\/\/api.w.org\/{rel}","templated":true}]}}