{"id":5755,"date":"2025-06-18T11:50:59","date_gmt":"2025-06-18T11:50:59","guid":{"rendered":"https:\/\/informacionlocal.es\/guadelante-canarias-porta-informazioni-sul-lavoro-inclusive-ed-egualitarie-da-antigua-a-caleta-de-fuste\/"},"modified":"2025-06-18T11:50:59","modified_gmt":"2025-06-18T11:50:59","slug":"guadelante-canarias-porta-informazioni-sul-lavoro-inclusive-ed-egualitarie-da-antigua-a-caleta-de-fuste","status":"publish","type":"post","link":"https:\/\/informacionlocal.es\/it\/guadelante-canarias-porta-informazioni-sul-lavoro-inclusive-ed-egualitarie-da-antigua-a-caleta-de-fuste\/","title":{"rendered":"Guadelante Canarias porta informazioni sul lavoro inclusive ed egualitarie da Antigua a Caleta de Fuste"},"content":{"rendered":"<div class=\"elementor-widget-container\">\n<p><strong>Guadelante Canarias porta informazioni sul lavoro inclusive ed egualitarie da Antigua a Caleta de Fuste<\/strong><\/p>\n<p><strong>&#8211; La Guadelante Canarias Guagua, dopo aver tenuto le sue giornate informative ad Antigua, si trasferir\u00e0 questo gioved\u00ec 19 dalle 10:00 alle 14:00 alla Tenencia de Alcald\u00eda di Caleta de Fuste.  <\/strong><br \/><strong>&#8211; Guadelante Canarias offre consulenza in materia di occupazione, formazione, aiuti e benefici, nonch\u00e9 di riconoscimento di qualifiche o borse di studio, aprendo le porte all \u201cuguaglianza e all\u201d inclusione.<\/strong><\/p>\n<p>Il Comune di Antigua, attraverso l&#8217;Assessorato al Personale, gestito direttamente dal sindaco Mat\u00edas Pe\u00f1a Garc\u00eda, e l&#8217;Assessorato ai Servizi Sociali, con Am\u00e9rica Soto come assessore responsabile, sostiene il progetto inclusivo, egualitario e di consulenza sviluppato dall&#8217;\u00e9quipe del Cepaim con il progetto Guadelante Canarias.<\/p>\n<p>La Guagua Guadelante Canarias ha fornito i suoi servizi di consulenza marted\u00ec 17 e mercoled\u00ec 18 nella piazza di Antigua, spostandosi questo gioved\u00ec 19 giugno a Caleta de Fuste nella piazza della Tenencia de Alcald\u00eda dalle ore 10:00 alle ore 14:00 per fornire consulenza in materia di occupazione, formazione, aiuti e benefici, nonch\u00e9 omologazione di titoli di studio o borse di studio.<\/p>\n<p>Consigli e lavori sviluppati con l \u201cobiettivo di abbattere le barriere, migliorando l\u201d inclusione di tutti, indipendentemente da sesso, abilit\u00e0, origine o religione.<\/p>\n<p>Soledad Valli, portavoce e tecnico della Fondazione Cepaim, sottolinea che, sia di persona che per telefono, siamo a disposizione delle istituzioni e di tutti i residenti per offrire e facilitare un supporto completo per migliorare l&#8217;occupabilit\u00e0 e il benessere attraverso l&#8217;assistenza psicosociale, l&#8217;orientamento al lavoro e la formazione personale e professionale.<\/p>\n<\/p>\n<\/div>\n","protected":false},"excerpt":{"rendered":"<p><strong>Guadelante Canarias porta informazioni sul lavoro inclusive ed egualitarie da Antigua a Caleta de Fuste<\/strong><\/p>\n","protected":false},"author":1,"featured_media":5748,"comment_status":"open","ping_status":"open","sticky":false,"template":"","format":"standard","meta":{"inline_featured_image":false,"jnews-multi-image_gallery":[],"jnews_single_post":[],"jnews_primary_category":[],"jnews_social_meta":[],"jnews_override_counter":[],"jnews_post_split":[],"footnotes":""},"categories":[282],"tags":[],"class_list":["post-5755","post","type-post","status-publish","format-standard","has-post-thumbnail","hentry","category-antigua-it"],"jetpack_featured_media_url":"https:\/\/informacionlocal.es\/wp-content\/uploads\/2025\/06\/cepaim-con-guadelante-en-antigua-scaled-1.jpg","_links":{"self":[{"href":"https:\/\/informacionlocal.es\/it\/wp-json\/wp\/v2\/posts\/5755","targetHints":{"allow":["GET"]}}],"collection":[{"href":"https:\/\/informacionlocal.es\/it\/wp-json\/wp\/v2\/posts"}],"about":[{"href":"https:\/\/informacionlocal.es\/it\/wp-json\/wp\/v2\/types\/post"}],"author":[{"embeddable":true,"href":"https:\/\/informacionlocal.es\/it\/wp-json\/wp\/v2\/users\/1"}],"replies":[{"embeddable":true,"href":"https:\/\/informacionlocal.es\/it\/wp-json\/wp\/v2\/comments?post=5755"}],"version-history":[{"count":0,"href":"https:\/\/informacionlocal.es\/it\/wp-json\/wp\/v2\/posts\/5755\/revisions"}],"wp:featuredmedia":[{"embeddable":true,"href":"https:\/\/informacionlocal.es\/it\/wp-json\/wp\/v2\/media\/5748"}],"wp:attachment":[{"href":"https:\/\/informacionlocal.es\/it\/wp-json\/wp\/v2\/media?parent=5755"}],"wp:term":[{"taxonomy":"category","embeddable":true,"href":"https:\/\/informacionlocal.es\/it\/wp-json\/wp\/v2\/categories?post=5755"},{"taxonomy":"post_tag","embeddable":true,"href":"https:\/\/informacionlocal.es\/it\/wp-json\/wp\/v2\/tags?post=5755"}],"curies":[{"name":"wp","href":"https:\/\/api.w.org\/{rel}","templated":true}]}}