{"id":5707,"date":"2025-06-18T09:12:34","date_gmt":"2025-06-18T09:12:34","guid":{"rendered":"https:\/\/informacionlocal.es\/pajara-ha-ospitato-il-forum-europeo-podertic-su-giovani-salute-mentale-e-uso-del-digitale\/"},"modified":"2025-06-18T09:12:34","modified_gmt":"2025-06-18T09:12:34","slug":"pajara-ha-ospitato-il-forum-europeo-podertic-su-giovani-salute-mentale-e-uso-del-digitale","status":"publish","type":"post","link":"https:\/\/informacionlocal.es\/it\/pajara-ha-ospitato-il-forum-europeo-podertic-su-giovani-salute-mentale-e-uso-del-digitale\/","title":{"rendered":"P\u00e1jara ha ospitato il forum europeo PoderTIC su giovani, salute mentale e uso del digitale."},"content":{"rendered":"<div class=\"entry-content\">\n<p><b><i>Durante l \u201cincontro \u00e8 stato presentato un nuovo progetto Erasmus+ che offrir\u00e0 ai giovani del Comune un\u201d esperienza formativa attraverso un viaggio Interrail in Europa.<\/i><\/b><\/p>\n<p><span>  Il Municipio di P\u00e1jara ha ospitato l \u201cincontro intenzionale PoderTIC, tenutosi lo scorso fine settimana, che ha trasformato il comune in un punto di incontro per il dibattito europeo sulle sfide dell\u201d uso del digitale nella salute mentale dei giovani.  <\/span><\/p>\n<p><span>Durante il forum, esperti, tecnici e giovani provenienti da Spagna, Romania, Bulgaria, Germania e Portogallo hanno partecipato a tavole rotonde, workshop, scambi di buone pratiche e spazi di dialogo intergenerazionale. Inoltre, \u00e8 stato presentato ufficialmente un nuovo progetto Erasmus+, grazie al quale diversi giovani del Comune faranno presto un viaggio Interrail in Europa, con attivit\u00e0 di formazione e convivenza internazionale.   <\/span><\/p>\n<p><span>L \u201cassessore alla Giovent\u00f9, Juan Jos\u00e9 Viera, ha sottolineato l\u201d importanza della partecipazione attiva dei giovani del Comune a questo tipo di iniziative. \u201cPoderTic ha dimostrato che P\u00e1jara pu\u00f2 essere un riferimento nella promozione di politiche giovanili legate alle grandi sfide contemporanee\u201d, ha aggiunto.   <\/span><\/p>\n<p><span>Le attivit\u00e0 si sono svolte presso la Escuela Residencia de Hosteler\u00eda y Turismo de P\u00e1jara, a Esquinzo, e la Casa de la Juventud a Morro Jable. Alla cerimonia di chiusura a Puerto del Rosario ha partecipato il Direttore Generale della Salute Mentale e delle Dipendenze del Governo delle Isole Canarie, Fernando G\u00f3mez-Pamo Guerra del R\u00edo.   <\/span><\/p>\n<p><span>PoderTIC fa parte di un \u201ciniziativa di cooperazione europea impegnata nella riflessione critica e nel coinvolgimento attivo dei giovani nella costruzione di un uso equilibrato e consapevole delle tecnologie digitali. Il Comune sottolinea l\u201d importanza di creare spazi che favoriscano il dialogo tra giovani, professionisti e funzionari pubblici. <\/span><\/p>\n<\/div>\n","protected":false},"excerpt":{"rendered":"<p><i>Durante l \u201cincontro \u00e8 stato presentato un nuovo progetto Erasmus+ che offrir\u00e0 ai giovani del Comune un\u201d esperienza formativa attraverso un viaggio Interrail in Europa.<\/i><\/p>\n","protected":false},"author":1,"featured_media":5704,"comment_status":"open","ping_status":"open","sticky":false,"template":"","format":"standard","meta":{"inline_featured_image":false,"jnews-multi-image_gallery":[],"jnews_single_post":[],"jnews_primary_category":[],"jnews_social_meta":[],"jnews_override_counter":[],"jnews_post_split":[],"footnotes":""},"categories":[298],"tags":[355],"class_list":["post-5707","post","type-post","status-publish","format-standard","has-post-thumbnail","hentry","category-pajara-it","tag-giovani"],"jetpack_featured_media_url":"https:\/\/informacionlocal.es\/wp-content\/uploads\/2025\/06\/whatsapp-image-2025-06-16-at-10-21-40.jpeg","_links":{"self":[{"href":"https:\/\/informacionlocal.es\/it\/wp-json\/wp\/v2\/posts\/5707","targetHints":{"allow":["GET"]}}],"collection":[{"href":"https:\/\/informacionlocal.es\/it\/wp-json\/wp\/v2\/posts"}],"about":[{"href":"https:\/\/informacionlocal.es\/it\/wp-json\/wp\/v2\/types\/post"}],"author":[{"embeddable":true,"href":"https:\/\/informacionlocal.es\/it\/wp-json\/wp\/v2\/users\/1"}],"replies":[{"embeddable":true,"href":"https:\/\/informacionlocal.es\/it\/wp-json\/wp\/v2\/comments?post=5707"}],"version-history":[{"count":0,"href":"https:\/\/informacionlocal.es\/it\/wp-json\/wp\/v2\/posts\/5707\/revisions"}],"wp:featuredmedia":[{"embeddable":true,"href":"https:\/\/informacionlocal.es\/it\/wp-json\/wp\/v2\/media\/5704"}],"wp:attachment":[{"href":"https:\/\/informacionlocal.es\/it\/wp-json\/wp\/v2\/media?parent=5707"}],"wp:term":[{"taxonomy":"category","embeddable":true,"href":"https:\/\/informacionlocal.es\/it\/wp-json\/wp\/v2\/categories?post=5707"},{"taxonomy":"post_tag","embeddable":true,"href":"https:\/\/informacionlocal.es\/it\/wp-json\/wp\/v2\/tags?post=5707"}],"curies":[{"name":"wp","href":"https:\/\/api.w.org\/{rel}","templated":true}]}}