{"id":5683,"date":"2025-06-17T16:54:10","date_gmt":"2025-06-17T16:54:10","guid":{"rendered":"https:\/\/informacionlocal.es\/puerto-del-rosario-presenta-levento-macro-sportivo-sol-y-luna-che-si-svolgera-sabato-21-giugno-a-playa-blanca\/"},"modified":"2025-06-17T16:54:10","modified_gmt":"2025-06-17T16:54:10","slug":"puerto-del-rosario-presenta-levento-macro-sportivo-sol-y-luna-che-si-svolgera-sabato-21-giugno-a-playa-blanca","status":"publish","type":"post","link":"https:\/\/informacionlocal.es\/it\/puerto-del-rosario-presenta-levento-macro-sportivo-sol-y-luna-che-si-svolgera-sabato-21-giugno-a-playa-blanca\/","title":{"rendered":"Puerto del Rosario presenta l&#8217;evento macro-sportivo &#8220;Sol y Luna&#8221; che si svolger\u00e0 sabato 21 giugno a Playa Blanca."},"content":{"rendered":"<div class=\"entry-content\">\n<p>Marted\u00ec 17 giugno, a mezzogiorno, \u00e8 stata presentata la XX edizione dell &#8220;evento macro-sportivo \u2018Sol y Luna\u2019 nell&#8221; hotel &#8220;El Mirador&#8221; (ex Parador).<\/p>\n<p>Questo sabato, 21 giugno, dalle 10:00 del mattino, Playa Blanca celebrer\u00e0 una moltitudine di eventi sportivi, con esibizioni di Son de Aqu\u00ed y All\u00e1, DJ Evando Moreira, DJ Alfonso, Javi Chac\u00f3n, Alma Rebelde, Los Ochenteros, Taknara e DJ Ricardo Araujo.<\/p>\n<p>Il trasporto in autobus sar\u00e0 gratuito ogni 30 minuti dalla stazione degli autobus di Puerto del Rosario.<\/p>\n<p>Il <strong>sindaco, David de Vera<\/strong>, invita \u201ctutti a godere di questa giornata speciale nel comune con la famiglia e gli amici, in un evento consolidato in cui si riuniscono ogni anno atleti di tutte le et\u00e0\u201d.<\/p>\n<p>L&#8217;<strong>assessore allo sport, Luis Chac\u00f3n,<\/strong> &#8220;ringrazia tutti coloro che rendono possibile questo evento e incoraggia la partecipazione in un luogo speciale dove sport e cultura si incontrano&#8221;.<\/p>\n<p>Il municipio di Puerto del Rosario invita tutti a godersi questo sabato con \u201cSol y Luna\u201d a Playa Blanca.<\/p>\n<p>Nota: tutte le informazioni sulle attivit\u00e0 nei social network comunali e nelle brochure degli eventi.<\/p>\n<\/div>\n","protected":false},"excerpt":{"rendered":"<p>Marted\u00ec 17 giugno, a mezzogiorno, \u00e8 stata presentata la XX edizione dell &#8220;evento macro-sportivo \u2018Sol y Luna\u2019 nell&#8221; hotel &#8220;El Mirador&#8221; (ex Parador). Questo sabato, 21 giugno, dalle 10:00 del [&hellip;]<\/p>\n","protected":false},"author":1,"featured_media":5680,"comment_status":"open","ping_status":"open","sticky":false,"template":"","format":"standard","meta":{"inline_featured_image":false,"jnews-multi-image_gallery":[],"jnews_single_post":[],"jnews_primary_category":[],"jnews_social_meta":[],"jnews_override_counter":[],"jnews_post_split":[],"footnotes":""},"categories":[295],"tags":[],"class_list":["post-5683","post","type-post","status-publish","format-standard","has-post-thumbnail","hentry","category-puerto-del-rosario-it"],"jetpack_featured_media_url":"https:\/\/informacionlocal.es\/wp-content\/uploads\/2025\/06\/solyluna-25-titu-pre-grupo-grande.jpg","_links":{"self":[{"href":"https:\/\/informacionlocal.es\/it\/wp-json\/wp\/v2\/posts\/5683","targetHints":{"allow":["GET"]}}],"collection":[{"href":"https:\/\/informacionlocal.es\/it\/wp-json\/wp\/v2\/posts"}],"about":[{"href":"https:\/\/informacionlocal.es\/it\/wp-json\/wp\/v2\/types\/post"}],"author":[{"embeddable":true,"href":"https:\/\/informacionlocal.es\/it\/wp-json\/wp\/v2\/users\/1"}],"replies":[{"embeddable":true,"href":"https:\/\/informacionlocal.es\/it\/wp-json\/wp\/v2\/comments?post=5683"}],"version-history":[{"count":0,"href":"https:\/\/informacionlocal.es\/it\/wp-json\/wp\/v2\/posts\/5683\/revisions"}],"wp:featuredmedia":[{"embeddable":true,"href":"https:\/\/informacionlocal.es\/it\/wp-json\/wp\/v2\/media\/5680"}],"wp:attachment":[{"href":"https:\/\/informacionlocal.es\/it\/wp-json\/wp\/v2\/media?parent=5683"}],"wp:term":[{"taxonomy":"category","embeddable":true,"href":"https:\/\/informacionlocal.es\/it\/wp-json\/wp\/v2\/categories?post=5683"},{"taxonomy":"post_tag","embeddable":true,"href":"https:\/\/informacionlocal.es\/it\/wp-json\/wp\/v2\/tags?post=5683"}],"curies":[{"name":"wp","href":"https:\/\/api.w.org\/{rel}","templated":true}]}}