{"id":5660,"date":"2025-06-17T11:17:14","date_gmt":"2025-06-17T11:17:14","guid":{"rendered":"https:\/\/informacionlocal.es\/il-comune-di-pajara-aggiudica-lappalto-per-la-redazione-del-progetto-del-centro-sportivo-costa-calma\/"},"modified":"2025-06-17T11:17:14","modified_gmt":"2025-06-17T11:17:14","slug":"il-comune-di-pajara-aggiudica-lappalto-per-la-redazione-del-progetto-del-centro-sportivo-costa-calma","status":"publish","type":"post","link":"https:\/\/informacionlocal.es\/it\/il-comune-di-pajara-aggiudica-lappalto-per-la-redazione-del-progetto-del-centro-sportivo-costa-calma\/","title":{"rendered":"Il Comune di P\u00e1jara aggiudica l&#8217;appalto per la redazione del progetto del centro sportivo Costa Calma."},"content":{"rendered":"<div class=\"entry-content\">\n<p><b><i>Il sito avr\u00e0 un&#8217;area multifunzionale, gradinate per 600 persone, palestra, sale polivalenti, spogliatoi, caffetteria e uffici, il tutto con un design accessibile e sostenibile.  <\/i><\/b><\/p>\n<p><span>Il Municipio di P\u00e1jara ha aggiudicato l&#8217;appalto per la redazione del progetto del futuro centro sportivo di Costa Calma per un importo totale di 160.500 euro.  <\/span><\/p>\n<p><span>Il progetto sar\u00e0 realizzato nella zona industriale D5 nel complesso residenziale Ca\u00f1ada del R\u00edo, accanto al campo da calcio. Il team tecnico avr\u00e0 otto mesi di tempo dalla firma del contratto per consegnare il progetto.   <\/span><\/p>\n<p><span>Il primo vicesindaco e assessore ai Lavori, Alexis Alonso, sottolinea che &#8220;questa infrastruttura non solo amplier\u00e0 l \u2018offerta sportiva del Comune, ma contribuir\u00e0 anche alla crescita urbana di Costa Calma\u2019. Spiega inoltre che \u2018il complesso occuper\u00e0 una superficie di circa 4.000 metri quadrati e comprender\u00e0 un\u2019 area predisposta per diverse discipline sportive, tribune per 600 persone, palestra, sale polivalenti, spogliatoi, caffetteria e uffici, il tutto progettato tenendo conto dei criteri di accessibilit\u00e0 e sostenibilit\u00e0&#8221;.   <\/span><\/p>\n<p><span>Da parte sua, il sindaco di P\u00e1jara, Alejandro Jorge, sottolinea che l&#8217;azione rientra nella strategia comunale di &#8220;dotare Costa Calma di un impianto sportivo moderno e accessibile, adattato alle esigenze del comune&#8221;. Aggiunge che &#8220;questo sar\u00e0 un luogo dove tutti i residenti potranno praticare sport e godere di attivit\u00e0 salutari&#8221;.   <\/span><\/p>\n<p><span>L&#8217;assessore allo sport, Jos\u00e9 Benito Alonso, sottolinea l&#8217;importanza che questa nuova infrastruttura sia uno spazio sportivo per tutti. &#8220;Le strutture saranno adattate alle persone con mobilit\u00e0 ridotta e progettate per offrire un&#8217;esperienza completa agli atleti, al pubblico e al personale che lavora qui&#8221;, afferma. <\/span><\/p>\n<p><span>Con questo premio, il Municipio di P\u00e1jara sta facendo progressi nella progettazione tecnica necessaria per realizzare questa infrastruttura. Questa fase \u00e8 fondamentale per assicurare che il progetto finale risponda alle reali esigenze di utilizzo, sia conforme alle normative vigenti e venga eseguito con le massime garanzie di qualit\u00e0 e sicurezza.   <\/span><\/p>\n<\/div>\n","protected":false},"excerpt":{"rendered":"<p><i>Il sito avr\u00e0 un&#8217;area multifunzionale, gradinate per 600 persone, palestra, sale polivalenti, spogliatoi, caffetteria e uffici, il tutto con un design accessibile e sostenibile.  <\/i><\/p>\n","protected":false},"author":1,"featured_media":5656,"comment_status":"open","ping_status":"open","sticky":false,"template":"","format":"standard","meta":{"inline_featured_image":false,"jnews-multi-image_gallery":[],"jnews_single_post":[],"jnews_primary_category":[],"jnews_social_meta":[],"jnews_override_counter":[],"jnews_post_split":[],"footnotes":""},"categories":[298],"tags":[],"class_list":["post-5660","post","type-post","status-publish","format-standard","has-post-thumbnail","hentry","category-pajara-it"],"jetpack_featured_media_url":"https:\/\/informacionlocal.es\/wp-content\/uploads\/2025\/06\/whatsapp-image-2025-06-17-at-09-59-39.jpeg","_links":{"self":[{"href":"https:\/\/informacionlocal.es\/it\/wp-json\/wp\/v2\/posts\/5660","targetHints":{"allow":["GET"]}}],"collection":[{"href":"https:\/\/informacionlocal.es\/it\/wp-json\/wp\/v2\/posts"}],"about":[{"href":"https:\/\/informacionlocal.es\/it\/wp-json\/wp\/v2\/types\/post"}],"author":[{"embeddable":true,"href":"https:\/\/informacionlocal.es\/it\/wp-json\/wp\/v2\/users\/1"}],"replies":[{"embeddable":true,"href":"https:\/\/informacionlocal.es\/it\/wp-json\/wp\/v2\/comments?post=5660"}],"version-history":[{"count":0,"href":"https:\/\/informacionlocal.es\/it\/wp-json\/wp\/v2\/posts\/5660\/revisions"}],"wp:featuredmedia":[{"embeddable":true,"href":"https:\/\/informacionlocal.es\/it\/wp-json\/wp\/v2\/media\/5656"}],"wp:attachment":[{"href":"https:\/\/informacionlocal.es\/it\/wp-json\/wp\/v2\/media?parent=5660"}],"wp:term":[{"taxonomy":"category","embeddable":true,"href":"https:\/\/informacionlocal.es\/it\/wp-json\/wp\/v2\/categories?post=5660"},{"taxonomy":"post_tag","embeddable":true,"href":"https:\/\/informacionlocal.es\/it\/wp-json\/wp\/v2\/tags?post=5660"}],"curies":[{"name":"wp","href":"https:\/\/api.w.org\/{rel}","templated":true}]}}