{"id":5648,"date":"2025-06-17T11:11:49","date_gmt":"2025-06-17T11:11:49","guid":{"rendered":"https:\/\/informacionlocal.es\/la-oliva-promuove-uniniziativa-di-sensibilizzazione-sui-mestieri-del-settore-primario\/"},"modified":"2025-06-17T11:11:49","modified_gmt":"2025-06-17T11:11:49","slug":"la-oliva-promuove-uniniziativa-di-sensibilizzazione-sui-mestieri-del-settore-primario","status":"publish","type":"post","link":"https:\/\/informacionlocal.es\/it\/la-oliva-promuove-uniniziativa-di-sensibilizzazione-sui-mestieri-del-settore-primario\/","title":{"rendered":"La Oliva promuove un&#8217;iniziativa di sensibilizzazione sui mestieri del settore primario"},"content":{"rendered":"<p>Il Comune di La Oliva, attraverso il Dipartimento del Settore Primario, gestito da Rub\u00e9n Gonz\u00e1lez, promuove nell &#8220;ambito del progetto \u2018Dalla terra\u2019, la diffusione dell&#8221; agricoltura e dell &#8220;allevamento. L&#8221; obiettivo di questa iniziativa \u00e8 quello di far conoscere le professioni sviluppate sulla terra di Fuerteventura per valorizzarne la ricchezza e le radici culturali e per mostrare alle nuove generazioni e al resto della popolazione il ruolo importante di queste attivit\u00e0 per il comune. <\/p>\n<p>Le attivit\u00e0 si svolgeranno a Tindaya e La Caldereta, due dei villaggi rurali di La Oliva, non solo per insegnare il lavoro di queste professioni, ma anche per evidenziare le possibilit\u00e0 che continuano a offrire. Queste attivit\u00e0 cercano una riconnessione con le radici e l&#8217;essenza del popolo Majorero e hanno, a loro volta, come requisito un nuovo paradigma, lo sviluppo locale sostenibile. In questo senso, le professioni si adattano alle richieste e alle esigenze attuali, preservando la tradizione senza trascurare la realt\u00e0 che si trova ad affrontare non solo il settore, ma anche le circostanze in cui sono inquadrate.  <\/p>\n<p>Il sindaco di La Oliva, Isa\u00ed Blanco, sottolinea l&#8217;importanza di promuovere la conoscenza teorica ma anche pratica degli antichi mezzi di sussistenza: &#8220;Questo progetto avvicina le nuove generazioni alla realt\u00e0 della nostra isola e alle principali fonti di sussistenza di un tempo. In questo senso, apre anche un nuovo orizzonte ai pi\u00f9 giovani del comune, affinch\u00e9 possano conoscere le possibilit\u00e0 di lavorare in questi compiti della terra, in queste professioni che sono la nostra tradizione e la storia di Fuerteventura&#8221;.<\/p>\n<p>Allo stesso modo, l &#8220;assessore al Settore primario, Rub\u00e9n Gonz\u00e1lez, continua a sottolineare il lavoro che l&#8221; Amministrazione deve fare per promuovere le nostre tradizioni: &#8220;Senza dubbio, i mestieri del nostro settore primario, come l \u2018agricoltura e l\u2019 allevamento, sono la storia della nostra terra, definiscono chi eravamo come popolo Majorero con usanze che sopravvivono ancora oggi, per questo \u00e8 fondamentale continuare a promuoverli tra i nostri giovani&#8221;.  <\/p>\n<p>\u201cDimenticare questi lavori significa, quindi, dimenticare chi eravamo. Attraverso queste attivit\u00e0 insegnate ai bambini nelle scuole, ci concentriamo su chi erano i nostri antenati e su cosa hanno vissuto, piantando allo stesso tempo un seme nelle menti dei nostri giovani in modo che possano scoprire una professione alternativa con cui continuare questa eredit\u00e0\u201d, sottolinea Gonz\u00e1lez.  <\/p>\n<p>Questa attivit\u00e0 riflette la volont\u00e0 del Concistoro non solo di continuare con la promozione delle tradizioni e dei costumi dell&#8217;Isola, ma anche di promuovere il Settore Primario nel Comune, in questa occasione, attraverso la diffusione dei mestieri della terra tra i pi\u00f9 giovani.<\/p>\n","protected":false},"excerpt":{"rendered":"<p><span>Nell &#8220;ambito del programma \u2018Dalla terra\u2019, il Dipartimento del Settore Primario si propone di mostrare i diversi mestieri di un tempo sull&#8221; isola, al fine di promuovere gli usi e i costumi del popolo Majorero.<\/span><\/p>\n","protected":false},"author":1,"featured_media":5644,"comment_status":"open","ping_status":"open","sticky":false,"template":"","format":"standard","meta":{"inline_featured_image":false,"jnews-multi-image_gallery":[],"jnews_single_post":[],"jnews_primary_category":[],"jnews_social_meta":[],"jnews_override_counter":[],"jnews_post_split":[],"footnotes":""},"categories":[292],"tags":[223],"class_list":["post-5648","post","type-post","status-publish","format-standard","has-post-thumbnail","hentry","category-la-oliva-it","tag-fuerteventura-it"],"jetpack_featured_media_url":"https:\/\/informacionlocal.es\/wp-content\/uploads\/2025\/06\/5216_2104b440.png","_links":{"self":[{"href":"https:\/\/informacionlocal.es\/it\/wp-json\/wp\/v2\/posts\/5648","targetHints":{"allow":["GET"]}}],"collection":[{"href":"https:\/\/informacionlocal.es\/it\/wp-json\/wp\/v2\/posts"}],"about":[{"href":"https:\/\/informacionlocal.es\/it\/wp-json\/wp\/v2\/types\/post"}],"author":[{"embeddable":true,"href":"https:\/\/informacionlocal.es\/it\/wp-json\/wp\/v2\/users\/1"}],"replies":[{"embeddable":true,"href":"https:\/\/informacionlocal.es\/it\/wp-json\/wp\/v2\/comments?post=5648"}],"version-history":[{"count":0,"href":"https:\/\/informacionlocal.es\/it\/wp-json\/wp\/v2\/posts\/5648\/revisions"}],"wp:featuredmedia":[{"embeddable":true,"href":"https:\/\/informacionlocal.es\/it\/wp-json\/wp\/v2\/media\/5644"}],"wp:attachment":[{"href":"https:\/\/informacionlocal.es\/it\/wp-json\/wp\/v2\/media?parent=5648"}],"wp:term":[{"taxonomy":"category","embeddable":true,"href":"https:\/\/informacionlocal.es\/it\/wp-json\/wp\/v2\/categories?post=5648"},{"taxonomy":"post_tag","embeddable":true,"href":"https:\/\/informacionlocal.es\/it\/wp-json\/wp\/v2\/tags?post=5648"}],"curies":[{"name":"wp","href":"https:\/\/api.w.org\/{rel}","templated":true}]}}