{"id":5635,"date":"2025-06-17T10:46:55","date_gmt":"2025-06-17T10:46:55","guid":{"rendered":"https:\/\/informacionlocal.es\/le-feste-in-onore-di-san-juan-iniziano-a-pozo-negro\/"},"modified":"2025-06-17T10:46:55","modified_gmt":"2025-06-17T10:46:55","slug":"le-feste-in-onore-di-san-juan-iniziano-a-pozo-negro","status":"publish","type":"post","link":"https:\/\/informacionlocal.es\/it\/le-feste-in-onore-di-san-juan-iniziano-a-pozo-negro\/","title":{"rendered":"Le feste in onore di San Juan iniziano a Pozo Negro"},"content":{"rendered":"<div class=\"elementor-widget-container\">\n<p><strong>Le feste in onore di San Juan iniziano a Pozo Negro<\/strong><\/p>\n<p><strong>&#8211; Questo gioved\u00ec 19 alle ore 20:00, discorso di apertura del marinaio Jacinto P\u00e9rez e tradizionale sardinada gratuita per tutti i partecipanti.  <\/strong><br \/><strong>&#8211; Mejor con Copas si esibisce a Pozo Negro venerd\u00ec 20 alle 23:00, preceduto da D\u00fao Fantas\u00eda e seguito alle 01:00 da Orquesta Estrella Latina.  <\/strong><br \/><strong>&#8211; Un fine settimana di festa a Pozo Negro con un servizio di taxi speciale il venerd\u00ec sera dalle 22:00 alle 03:30 e il sabato 21 dalle 21:30 alle 04:30.<\/strong><\/p>\n<p>Pozo Negro celebra le sue Feste in onore di San Juan da gioved\u00ec 19 a luned\u00ec 23 giugno, iniziando con il discorso di apertura del residente locale e marinaio nato nel villaggio, D. Jacinto P\u00e9rez P\u00e9rez e terminando con il Grande Fal\u00f2 del luned\u00ec sera, uno spettacolo di fuoco preceduto dall \u201couverture dell\u201d Accademia Entresiluetas e dai rituali magici dello sciamano, per eliminare il negativo e godersi di pi\u00f9 il momento.<\/p>\n<p>Le Fiestas de San Juan sono le feste patronali di questa localit\u00e0 costiera che riunisce sulla spiaggia ogni fine settimana e d \u201cestate tante famiglie del comune, dice il sindaco, Matias Pe\u00f1a, le pi\u00f9 anziane e addirittura nate nello stesso Pozo Negro sono quelle che meglio possono raccontarci la storia, gli aneddoti e i momenti delle feste e della vita di un tempo rispetto a quelle celebrate oggi. Per questo motivo, aggiunge il sindaco, sar\u00e0 un onore accompagnare il signor Jacinto P\u00e9rez P\u00e9rez questo gioved\u00ec e dare il via ai festeggiamenti che da sempre creano un villaggio e uniscono le persone, riunendo le famiglie, i vicini, le vicine e tanti amici del comune e dell\u201d isola. <\/p>\n<p>L&#8217;Assessore alle Feste, Pedro M. Armas Mart\u00edn, ci ricorda che dopo il discorso di apertura di D. Jacinto, potremo gustare la tradizionale sardinada, che ogni anno viene offerta gratuitamente durante le feste del Pozo Negro su grandi griglie, con tutto il suo sapore.<\/p>\n<p>L&#8217;Orquesta Estrella Latina, il gruppo Mejor con Copas e il D\u00fao Fantas\u00eda, hanno scandito il ritmo del venerd\u00ec sera, che precede un intenso fine settimana, dice l&#8217;assessore Armas, dedicato il sabato mattina ai pi\u00f9 piccoli, seguito da una master class per famiglie con il gruppo Zumba Fuerteventura, dall&#8217;esibizione pirotecnica marittimo-terrestre a mezzanotte e dalla Verbena con i gruppi Kalibre e Gente Nueva.<\/p>\n<\/div>\n","protected":false},"excerpt":{"rendered":"<p><strong>Le feste in onore di San Juan iniziano a Pozo Negro<\/strong><\/p>\n","protected":false},"author":1,"featured_media":5632,"comment_status":"open","ping_status":"open","sticky":false,"template":"","format":"standard","meta":{"inline_featured_image":false,"jnews-multi-image_gallery":[],"jnews_single_post":[],"jnews_primary_category":[],"jnews_social_meta":[],"jnews_override_counter":[],"jnews_post_split":[],"footnotes":""},"categories":[282],"tags":[223],"class_list":["post-5635","post","type-post","status-publish","format-standard","has-post-thumbnail","hentry","category-antigua-it","tag-fuerteventura-it"],"jetpack_featured_media_url":"https:\/\/informacionlocal.es\/wp-content\/uploads\/2025\/06\/el-pregonero-de-las-fiestas-de-pozo-negro-sera-jacinto-el-pescado-3.jpg","_links":{"self":[{"href":"https:\/\/informacionlocal.es\/it\/wp-json\/wp\/v2\/posts\/5635","targetHints":{"allow":["GET"]}}],"collection":[{"href":"https:\/\/informacionlocal.es\/it\/wp-json\/wp\/v2\/posts"}],"about":[{"href":"https:\/\/informacionlocal.es\/it\/wp-json\/wp\/v2\/types\/post"}],"author":[{"embeddable":true,"href":"https:\/\/informacionlocal.es\/it\/wp-json\/wp\/v2\/users\/1"}],"replies":[{"embeddable":true,"href":"https:\/\/informacionlocal.es\/it\/wp-json\/wp\/v2\/comments?post=5635"}],"version-history":[{"count":0,"href":"https:\/\/informacionlocal.es\/it\/wp-json\/wp\/v2\/posts\/5635\/revisions"}],"wp:featuredmedia":[{"embeddable":true,"href":"https:\/\/informacionlocal.es\/it\/wp-json\/wp\/v2\/media\/5632"}],"wp:attachment":[{"href":"https:\/\/informacionlocal.es\/it\/wp-json\/wp\/v2\/media?parent=5635"}],"wp:term":[{"taxonomy":"category","embeddable":true,"href":"https:\/\/informacionlocal.es\/it\/wp-json\/wp\/v2\/categories?post=5635"},{"taxonomy":"post_tag","embeddable":true,"href":"https:\/\/informacionlocal.es\/it\/wp-json\/wp\/v2\/tags?post=5635"}],"curies":[{"name":"wp","href":"https:\/\/api.w.org\/{rel}","templated":true}]}}