{"id":5623,"date":"2025-06-17T09:42:27","date_gmt":"2025-06-17T09:42:27","guid":{"rendered":"https:\/\/informacionlocal.es\/lestate-porta-spettacoli-dal-vivo-nelle-strade-di-caleta-de-fuste\/"},"modified":"2025-06-17T09:42:27","modified_gmt":"2025-06-17T09:42:27","slug":"lestate-porta-spettacoli-dal-vivo-nelle-strade-di-caleta-de-fuste","status":"publish","type":"post","link":"https:\/\/informacionlocal.es\/it\/lestate-porta-spettacoli-dal-vivo-nelle-strade-di-caleta-de-fuste\/","title":{"rendered":"L&#8217;estate porta spettacoli dal vivo nelle strade di Caleta de Fuste"},"content":{"rendered":"<div class=\"elementor-widget-container\">\n<p><strong>L&#8217;estate porta spettacoli dal vivo nelle strade di Caleta de Fuste<\/strong><\/p>\n<p><strong>&#8211; Il gruppo Charly and The Riders sabato 21 giugno dalle 12:00 alle 15:00 sul viale del mare di El Castillo.  <\/strong><br \/><strong>&#8211; Durante l&#8217;estate, il Municipio di Antigua programma numerose attivit\u00e0, spettacoli ed eventi musicali, sportivi e culturali organizzati da diversi dipartimenti di Caleta de Fuste e dei suoi villaggi.  <\/strong><br \/><strong>&#8211; Il Dipartimento del Commercio riprende il programma estivo El Castillo \u00e8 musica e divertimento.<\/strong><\/p>\n<p>Il Comune di Antigua, con i suoi diversi assessori, programma un&#8217;estate ricca di attivit\u00e0 sportive, eventi culturali e festivi, manifestazioni musicali e attivit\u00e0 varie, come attrazioni da godere in tutte le localit\u00e0 del comune, sia per i turisti che per i residenti, invitandoli a godersi la musica passeggiando, assaggiando la cucina locale e visitando i suoi vari negozi, dice il sindaco, Mat\u00edas Pe\u00f1a Garc\u00eda.<\/p>\n<p>Questo sabato mattina, Caleta de Fuste sar\u00e0 ancora una volta il palcoscenico di esibizioni musicali dal vivo in strada, organizzate dall&#8217;Assessorato al Commercio nell&#8217;ambito del programma El Castillo es m\u00fasica y diversi\u00f3n (Il Castello \u00e8 musica e divertimento), che inizia questo sabato 21 giugno dalle 12:00 alle 15:00 sul viale del lungomare con l&#8217;esibizione del gruppo Charly and The Riders.<\/p>\n<p>Gli spettacoli di musica dal vivo e di strada, spiega l \u201cassessore al Commercio, Giuseppe Signorino, si svolgeranno ogni fine settimana in una localit\u00e0 diversa di Caleta de Fuste. L\u201d assessore aggiunge che questo sabato ci sar\u00e0 Musica e divertimento sul lungomare, mentre gli appuntamenti successivi saranno nel centro di El Castillo o anche nella zona di Montecastillo. <\/p>\n<\/p>\n<\/div>\n","protected":false},"excerpt":{"rendered":"<p><strong>L&#8217;estate porta spettacoli dal vivo nelle strade di Caleta de Fuste<\/strong><\/p>\n","protected":false},"author":1,"featured_media":5620,"comment_status":"open","ping_status":"open","sticky":false,"template":"","format":"standard","meta":{"inline_featured_image":false,"jnews-multi-image_gallery":[],"jnews_single_post":[],"jnews_primary_category":[],"jnews_social_meta":[],"jnews_override_counter":[],"jnews_post_split":[],"footnotes":""},"categories":[282],"tags":[308],"class_list":["post-5623","post","type-post","status-publish","format-standard","has-post-thumbnail","hentry","category-antigua-it","tag-eventos-it"],"jetpack_featured_media_url":"https:\/\/informacionlocal.es\/wp-content\/uploads\/2025\/06\/castillo-musica-diversion-2-scaled-1.jpg","_links":{"self":[{"href":"https:\/\/informacionlocal.es\/it\/wp-json\/wp\/v2\/posts\/5623","targetHints":{"allow":["GET"]}}],"collection":[{"href":"https:\/\/informacionlocal.es\/it\/wp-json\/wp\/v2\/posts"}],"about":[{"href":"https:\/\/informacionlocal.es\/it\/wp-json\/wp\/v2\/types\/post"}],"author":[{"embeddable":true,"href":"https:\/\/informacionlocal.es\/it\/wp-json\/wp\/v2\/users\/1"}],"replies":[{"embeddable":true,"href":"https:\/\/informacionlocal.es\/it\/wp-json\/wp\/v2\/comments?post=5623"}],"version-history":[{"count":0,"href":"https:\/\/informacionlocal.es\/it\/wp-json\/wp\/v2\/posts\/5623\/revisions"}],"wp:featuredmedia":[{"embeddable":true,"href":"https:\/\/informacionlocal.es\/it\/wp-json\/wp\/v2\/media\/5620"}],"wp:attachment":[{"href":"https:\/\/informacionlocal.es\/it\/wp-json\/wp\/v2\/media?parent=5623"}],"wp:term":[{"taxonomy":"category","embeddable":true,"href":"https:\/\/informacionlocal.es\/it\/wp-json\/wp\/v2\/categories?post=5623"},{"taxonomy":"post_tag","embeddable":true,"href":"https:\/\/informacionlocal.es\/it\/wp-json\/wp\/v2\/tags?post=5623"}],"curies":[{"name":"wp","href":"https:\/\/api.w.org\/{rel}","templated":true}]}}