{"id":5576,"date":"2025-06-16T13:36:07","date_gmt":"2025-06-16T13:36:07","guid":{"rendered":"https:\/\/informacionlocal.es\/il-municipio-di-pajara-presenta-il-programma-dei-festeggiamenti-in-onore-di-san-giovanni-2025-ad-ajuy\/"},"modified":"2025-06-16T13:36:07","modified_gmt":"2025-06-16T13:36:07","slug":"il-municipio-di-pajara-presenta-il-programma-dei-festeggiamenti-in-onore-di-san-giovanni-2025-ad-ajuy","status":"publish","type":"post","link":"https:\/\/informacionlocal.es\/it\/il-municipio-di-pajara-presenta-il-programma-dei-festeggiamenti-in-onore-di-san-giovanni-2025-ad-ajuy\/","title":{"rendered":"Il Municipio di P\u00e1jara presenta il programma dei festeggiamenti in onore di San Giovanni 2025 ad Ajuy"},"content":{"rendered":"<div class=\"entry-content\">\n<p><b><i>Una settimana ricca di attivit\u00e0 tradizionali e popolari per tutta la famiglia.  <\/i><\/b><\/p>\n<p><span>La Concejal\u00eda de Festejos dell&#8217;Ayuntamiento de P\u00e1jara presenta il programma delle feste in onore di San Juan 2025 nel villaggio di Ajuy. I festeggiamenti inizieranno da oggi con una settimana ricca di attivit\u00e0 per tutte le et\u00e0, che culminer\u00e0 con la tradizionale notte di San Juan e il suo spettacolare spettacolo pirotecnico.   <\/span><\/p>\n<p><span>Il programma di eventi comprende una variegata offerta ricreativa e culturale, pensata per il divertimento di residenti e visitatori. Le attivit\u00e0 comprendono laboratori artigianali, tornei sportivi, una degustazione di dolci, una caccia al tesoro, un gala per bambini e un gala per anziani. Ci saranno anche un mercatino dell&#8217;artigianato e balli all&#8217;aperto, che contribuiranno a rendere pi\u00f9 dinamica l&#8217;atmosfera di festa.    <\/span><\/p>\n<p><span>L&#8217;assessore alle Feste, Juan Jos\u00e9 Viera, esprime la sua soddisfazione per la celebrazione delle feste di San Juan ad Ajuy. &#8220;Abbiamo preparato un programma molto completo, pensando alla partecipazione di tutte le et\u00e0 e al recupero delle nostre tradizioni&#8221;. Aggiunge che &#8220;la collaborazione con il Cabildo di Fuerteventura nel programma &#8216;Non dimenticare ci\u00f2 che \u00e8 nostro&#8217; \u00e8 un esempio del nostro impegno per la cultura e il patrimonio delle Isole Canarie&#8221;.  <\/span><\/p>\n<p><span>Il culmine dei festeggiamenti si terr\u00e0 la sera del 23 giugno con il grande spettacolo di fuochi d&#8217;artificio, un evento che commemorer\u00e0 la vigilia del giorno di San Giovanni. La chiusura dei festeggiamenti avverr\u00e0 marted\u00ec 24 giugno alle 17:00 con una solenne funzione religiosa in suo onore.   <\/span><\/p>\n<p><span>Il Municipio di P\u00e1jara invita i vicini e i visitatori a partecipare attivamente a queste feste, sperando che si godano tutte le attivit\u00e0 programmate.  <\/span><\/p>\n<\/p>\n<\/div>\n","protected":false},"excerpt":{"rendered":"<p><i>Una settimana ricca di attivit\u00e0 tradizionali e popolari per tutta la famiglia.  <\/i><\/p>\n","protected":false},"author":1,"featured_media":5572,"comment_status":"open","ping_status":"open","sticky":false,"template":"","format":"standard","meta":{"inline_featured_image":false,"jnews-multi-image_gallery":[],"jnews_single_post":[],"jnews_primary_category":[],"jnews_social_meta":[],"jnews_override_counter":[],"jnews_post_split":[],"footnotes":""},"categories":[298],"tags":[223],"class_list":["post-5576","post","type-post","status-publish","format-standard","has-post-thumbnail","hentry","category-pajara-it","tag-fuerteventura-it"],"jetpack_featured_media_url":"https:\/\/informacionlocal.es\/wp-content\/uploads\/2025\/06\/programa-fiestas-ajuy-2025-scaled-1.png","_links":{"self":[{"href":"https:\/\/informacionlocal.es\/it\/wp-json\/wp\/v2\/posts\/5576","targetHints":{"allow":["GET"]}}],"collection":[{"href":"https:\/\/informacionlocal.es\/it\/wp-json\/wp\/v2\/posts"}],"about":[{"href":"https:\/\/informacionlocal.es\/it\/wp-json\/wp\/v2\/types\/post"}],"author":[{"embeddable":true,"href":"https:\/\/informacionlocal.es\/it\/wp-json\/wp\/v2\/users\/1"}],"replies":[{"embeddable":true,"href":"https:\/\/informacionlocal.es\/it\/wp-json\/wp\/v2\/comments?post=5576"}],"version-history":[{"count":0,"href":"https:\/\/informacionlocal.es\/it\/wp-json\/wp\/v2\/posts\/5576\/revisions"}],"wp:featuredmedia":[{"embeddable":true,"href":"https:\/\/informacionlocal.es\/it\/wp-json\/wp\/v2\/media\/5572"}],"wp:attachment":[{"href":"https:\/\/informacionlocal.es\/it\/wp-json\/wp\/v2\/media?parent=5576"}],"wp:term":[{"taxonomy":"category","embeddable":true,"href":"https:\/\/informacionlocal.es\/it\/wp-json\/wp\/v2\/categories?post=5576"},{"taxonomy":"post_tag","embeddable":true,"href":"https:\/\/informacionlocal.es\/it\/wp-json\/wp\/v2\/tags?post=5576"}],"curies":[{"name":"wp","href":"https:\/\/api.w.org\/{rel}","templated":true}]}}