{"id":5562,"date":"2025-06-16T13:02:05","date_gmt":"2025-06-16T13:02:05","guid":{"rendered":"https:\/\/informacionlocal.es\/la-cai-di-puerto-del-rosario-partecipa-a-madrid-al-v-congresso-mondiale-sulla-giustizia-con-i-minori\/"},"modified":"2025-06-16T13:02:05","modified_gmt":"2025-06-16T13:02:05","slug":"la-cai-di-puerto-del-rosario-partecipa-a-madrid-al-v-congresso-mondiale-sulla-giustizia-con-i-minori","status":"publish","type":"post","link":"https:\/\/informacionlocal.es\/it\/la-cai-di-puerto-del-rosario-partecipa-a-madrid-al-v-congresso-mondiale-sulla-giustizia-con-i-minori\/","title":{"rendered":"La CAI di Puerto del Rosario partecipa a Madrid al \u201cV Congresso mondiale sulla giustizia con i minori\u201d."},"content":{"rendered":"<div class=\"entry-content\">\n<p>Una ragazza di 16 anni di Puerto del Rosario, che fa parte del progetto Citt\u00e0 amica dei bambini, ha partecipato a Madrid alla \u201cCiudad Amiga de la Infancia\u201d.<strong>5\u00b0 Congresso mondiale sulla giustizia per i minori<\/strong>&#8220;All&#8217;evento hanno partecipato pi\u00f9 di 800 persone di persona e pi\u00f9 di 6.000 persone online, tra cui procuratori, giudici, avvocati, difensori dei diritti umani, ministri, ambasciatori e altri, per discutere della tutela dei diritti dei minori nei sistemi giudiziari&#8221;.<\/p>\n<p>La giovane Ailin commenta: &#8220;Il primo giorno, in un altro spazio al di fuori del congresso, abbiamo avuto l&#8217;opportunit\u00e0 di incontrare Najat Maalla M&#8217;jid, rappresentante speciale del Segretario generale delle Nazioni Unite sulla violenza contro i bambini. Abbiamo parlato dell&#8217;importanza di proteggere i giovani quando entrano nel sistema giudiziario, di alcune strategie utilizzate da altri Paesi per garantire il benessere dei loro giovani nei sistemi giudiziari, tra le altre cose. <\/p>\n<p>Durante il mio intervento, ho sottolineato l \u201cimportanza che le politiche di giustizia minorile siano progettate non solo per i giovani, ma con noi. Ho parlato di come i sistemi giudiziari finiscano spesso per punire la povert\u00e0, la differenza o l\u201d esclusione e di come, invece di proteggere, possano approfondire la violenza che gi\u00e0 sperimentiamo. Ho anche detto che la vera giustizia non pu\u00f2 essere costruita da scrivanie lontane dalle nostre realt\u00e0: dobbiamo essere al tavolo, non come simbolo, ma come protagonisti&#8221;.  <\/p>\n<p>Durante il congresso, Ailin ha potuto partecipare a diversi workshop e avere ruoli di relatore insieme a professori dell&#8217;Universit\u00e0 di Valencia.<\/p>\n<p>\u201cNon solo ho potuto esercitare il mio diritto di partecipazione e di opinione, ma ho anche dato voce a quei giovani la cui voce non \u00e8 ancora ascoltata\u201d, ha detto la giovane majorera.<\/p>\n<p>Il Municipio di Puerto del Rosario ha espresso la sua pi\u00f9 profonda gratitudine ad Ailin per la sua dedizione e il suo coraggio in uno scenario di tale portata.<\/p>\n<\/div>\n","protected":false},"excerpt":{"rendered":"<p>Una ragazza di 16 anni di Puerto del Rosario, che fa parte del progetto Citt\u00e0 amica dei bambini, ha partecipato a Madrid alla \u201cCiudad Amiga de la Infancia\u201d.5\u00b0 Congresso mondiale [&hellip;]<\/p>\n","protected":false},"author":1,"featured_media":5560,"comment_status":"open","ping_status":"open","sticky":false,"template":"","format":"standard","meta":{"inline_featured_image":false,"jnews-multi-image_gallery":[],"jnews_single_post":[],"jnews_primary_category":[],"jnews_social_meta":[],"jnews_override_counter":[],"jnews_post_split":[],"footnotes":""},"categories":[295],"tags":[],"class_list":["post-5562","post","type-post","status-publish","format-standard","has-post-thumbnail","hentry","category-puerto-del-rosario-it"],"jetpack_featured_media_url":"https:\/\/informacionlocal.es\/wp-content\/uploads\/2025\/06\/ailin-congreso-0625-panel.jpeg","_links":{"self":[{"href":"https:\/\/informacionlocal.es\/it\/wp-json\/wp\/v2\/posts\/5562","targetHints":{"allow":["GET"]}}],"collection":[{"href":"https:\/\/informacionlocal.es\/it\/wp-json\/wp\/v2\/posts"}],"about":[{"href":"https:\/\/informacionlocal.es\/it\/wp-json\/wp\/v2\/types\/post"}],"author":[{"embeddable":true,"href":"https:\/\/informacionlocal.es\/it\/wp-json\/wp\/v2\/users\/1"}],"replies":[{"embeddable":true,"href":"https:\/\/informacionlocal.es\/it\/wp-json\/wp\/v2\/comments?post=5562"}],"version-history":[{"count":0,"href":"https:\/\/informacionlocal.es\/it\/wp-json\/wp\/v2\/posts\/5562\/revisions"}],"wp:featuredmedia":[{"embeddable":true,"href":"https:\/\/informacionlocal.es\/it\/wp-json\/wp\/v2\/media\/5560"}],"wp:attachment":[{"href":"https:\/\/informacionlocal.es\/it\/wp-json\/wp\/v2\/media?parent=5562"}],"wp:term":[{"taxonomy":"category","embeddable":true,"href":"https:\/\/informacionlocal.es\/it\/wp-json\/wp\/v2\/categories?post=5562"},{"taxonomy":"post_tag","embeddable":true,"href":"https:\/\/informacionlocal.es\/it\/wp-json\/wp\/v2\/tags?post=5562"}],"curies":[{"name":"wp","href":"https:\/\/api.w.org\/{rel}","templated":true}]}}