{"id":5552,"date":"2025-06-16T11:49:34","date_gmt":"2025-06-16T11:49:34","guid":{"rendered":"https:\/\/informacionlocal.es\/gli-artisti-locali-della-escuela-municipal-de-musica-emma-saranno-in-concerto-questo-mercoledi-nellauditorium-di-antigua\/"},"modified":"2025-06-16T11:49:34","modified_gmt":"2025-06-16T11:49:34","slug":"gli-artisti-locali-della-escuela-municipal-de-musica-emma-saranno-in-concerto-questo-mercoledi-nellauditorium-di-antigua","status":"publish","type":"post","link":"https:\/\/informacionlocal.es\/it\/gli-artisti-locali-della-escuela-municipal-de-musica-emma-saranno-in-concerto-questo-mercoledi-nellauditorium-di-antigua\/","title":{"rendered":"Gli artisti locali della Escuela Municipal de M\u00fasica EMMA saranno in concerto questo mercoled\u00ec nell&#8217;Auditorium di Antigua."},"content":{"rendered":"<div class=\"elementor-widget-container\">\n<p><strong>Gli artisti locali della Escuela Municipal de M\u00fasica EMMA saranno in concerto questo mercoled\u00ec nell&#8217;Auditorium di Antigua.<\/strong><\/p>\n<p><strong>&#8211; Gli studenti della Escuela Municipal de M\u00fasica de Antigua, EMMA, salgono sul palco mercoled\u00ec 18 giugno dalle 17:00 alle 19:00 nell&#8217;Auditorio di Antigua.  <\/strong><br \/><strong>&#8211; L \u201cingresso \u00e8 completamente gratuito e i vicini, giovani e meno giovani, sono incoraggiati a venire a godersi i talenti locali che provano ogni settimana e si sforzano di imparare alla Scuola Comunale di Musica, dice l\u201d Assessore alla Cultura, Jonathan Pe\u00f1a.<\/strong><\/p>\n<p>La Escuela Municipal de M\u00fasica de Antigua, EMMA, promossa dal Dipartimento di Cultura del Comune di Antigua, chiude l&#8217;anno scolastico con un concerto musicale in grande stile, che vede protagonisti studenti di tutte le et\u00e0 e di diverse modalit\u00e0.<\/p>\n<p>Sono grato per il coraggio degli studenti, dice il sindaco di Antigua, Mat\u00edas Pe\u00f1a Garc\u00eda, che salgono sul palco e ci mostrano il loro talento e il loro livello di apprendimento, eseguendo temi musicali noti a tutti, provati nelle lezioni che si tengono ogni settimana ad Antigua.<\/p>\n<p>I bambini pi\u00f9 piccoli, accompagnati dal loro insegnante di ritmo e linguaggio musicale, si esibiranno in una dimostrazione di percussioni utilizzando cubi improvvisati come strumenti, spiega l&#8217;Assessore alla Cultura, Jonathan Pe\u00f1a, mentre i bambini pi\u00f9 grandi, insieme ai loro insegnanti, eseguiranno canzoni a cappella, al pianoforte, accompagnati da chitarra, batteria o sassofono, in gruppo o come solisti.<\/p>\n<p>Il concerto di fine anno si terr\u00e0 mercoled\u00ec 18 giugno dalle 17:00 alle 19:00 nell \u201cAuditorio di Antigua, con ingresso gratuito. L\u201d Assessore alla Cultura, Jonathan Pe\u00f1a, aggiunge: \u201cI vicini, giovani e meno giovani, sono incoraggiati a venire a godersi i talenti locali che provano ogni settimana e si sforzano di imparare alla Scuola Comunale di Musica\u201d. <\/p>\n<\/p>\n<\/div>\n","protected":false},"excerpt":{"rendered":"<p><strong>Gli artisti locali della Escuela Municipal de M\u00fasica EMMA saranno in concerto questo mercoled\u00ec nell&#8217;Auditorium di Antigua.<\/strong><\/p>\n","protected":false},"author":1,"featured_media":5548,"comment_status":"open","ping_status":"open","sticky":false,"template":"","format":"standard","meta":{"inline_featured_image":false,"jnews-multi-image_gallery":[],"jnews_single_post":[],"jnews_primary_category":[],"jnews_social_meta":[],"jnews_override_counter":[],"jnews_post_split":[],"footnotes":""},"categories":[282],"tags":[],"class_list":["post-5552","post","type-post","status-publish","format-standard","has-post-thumbnail","hentry","category-antigua-it"],"jetpack_featured_media_url":"https:\/\/informacionlocal.es\/wp-content\/uploads\/2025\/06\/imagen-de-whatsapp-2025-06-13-a-las-12-59-54_142fa085-1.jpg","_links":{"self":[{"href":"https:\/\/informacionlocal.es\/it\/wp-json\/wp\/v2\/posts\/5552","targetHints":{"allow":["GET"]}}],"collection":[{"href":"https:\/\/informacionlocal.es\/it\/wp-json\/wp\/v2\/posts"}],"about":[{"href":"https:\/\/informacionlocal.es\/it\/wp-json\/wp\/v2\/types\/post"}],"author":[{"embeddable":true,"href":"https:\/\/informacionlocal.es\/it\/wp-json\/wp\/v2\/users\/1"}],"replies":[{"embeddable":true,"href":"https:\/\/informacionlocal.es\/it\/wp-json\/wp\/v2\/comments?post=5552"}],"version-history":[{"count":0,"href":"https:\/\/informacionlocal.es\/it\/wp-json\/wp\/v2\/posts\/5552\/revisions"}],"wp:featuredmedia":[{"embeddable":true,"href":"https:\/\/informacionlocal.es\/it\/wp-json\/wp\/v2\/media\/5548"}],"wp:attachment":[{"href":"https:\/\/informacionlocal.es\/it\/wp-json\/wp\/v2\/media?parent=5552"}],"wp:term":[{"taxonomy":"category","embeddable":true,"href":"https:\/\/informacionlocal.es\/it\/wp-json\/wp\/v2\/categories?post=5552"},{"taxonomy":"post_tag","embeddable":true,"href":"https:\/\/informacionlocal.es\/it\/wp-json\/wp\/v2\/tags?post=5552"}],"curies":[{"name":"wp","href":"https:\/\/api.w.org\/{rel}","templated":true}]}}