{"id":5515,"date":"2025-06-16T10:46:27","date_gmt":"2025-06-16T10:46:27","guid":{"rendered":"https:\/\/informacionlocal.es\/corralejo-ospita-il-primo-campus-di-paddle-per-bambini-giovani-e-adulti-del-comune\/"},"modified":"2025-06-16T10:46:27","modified_gmt":"2025-06-16T10:46:27","slug":"corralejo-ospita-il-primo-campus-di-paddle-per-bambini-giovani-e-adulti-del-comune","status":"publish","type":"post","link":"https:\/\/informacionlocal.es\/it\/corralejo-ospita-il-primo-campus-di-paddle-per-bambini-giovani-e-adulti-del-comune\/","title":{"rendered":"Corralejo ospita il primo campus di paddle per bambini, giovani e adulti del comune."},"content":{"rendered":"<p>Lo sport \u00e8 vivo anche in estate a La Oliva. Il Comune ospita dal 14 al 19 luglio il primo campo di paddle tennis per bambini, ragazzi e adulti sui campi della piscina comunale di Corralejo. Il Comune di La Oliva, attraverso l \u201cAssessorato allo Sport, guidato da Gleiber Carre\u00f1o, insieme a Mahox Experience, promuove questo sport tra le nuove generazioni e gli adulti durante la stagione estiva. In questo senso, i partecipanti potranno godere di lezioni per migliorare la tecnica e la preparazione fisica, oltre ad avere diverse lotterie, giochi per i pi\u00f9 piccoli e molte altre sorprese che renderanno questo incontro un\u201d esperienza unica.   <\/p>\n<p>L&#8217;obiettivo \u00e8 quello di promuovere l&#8217;attivit\u00e0 fisica tra i residenti del comune, soprattutto tra i pi\u00f9 giovani durante la stagione estiva, e di incoraggiare l&#8217;interazione con altri bambini mentre vivono una giornata dedicata allo sport con i migliori professionisti del settore. Cos\u00ec, personalit\u00e0 di spicco di questa modalit\u00e0 come gli sportivi Aday Santana, Tom\u00e1s D\u00edaz e \u00c1lvaro Morales, il monitore nazionale Rub\u00e9n Garc\u00eda o il monitore regionale Oscar Dom\u00ednguez, saranno incaricati di insegnare tutto ci\u00f2 che riguarda il mondo del paddle tennis ai partecipanti.   <\/p>\n<p>Il sindaco di La Oliva, Isa\u00ed Blanco, sottolinea l &#8220;importanza di continuare a promuovere l&#8221; attivit\u00e0 fisica tra i giovani durante l &#8220;estate: \u2018\u00c8 fondamentale promuovere lo sport tra i giovani del comune anche durante i mesi non scolastici. Molti di loro godono dei benefici dello sport esclusivamente durante l\u2019 anno scolastico e, per questo motivo, \u00e8 prioritario incoraggiare questo tipo di attivit\u00e0 anche nei mesi di luglio e agosto&#8221;.<\/p>\n<p>Da parte sua, l&#8217;assessore allo Sport, Gleiber Carre\u00f1o, ha dichiarato: &#8220;Da parte del Comune continueremo a sostenere la promozione dello sport in tutte le sue forme. Siamo molto orgogliosi del fatto che ci siano sempre pi\u00f9 esperienze legate a diverse attivit\u00e0 fisiche nel nostro Comune e ancora di pi\u00f9 quelle che si concentrano non solo sugli adulti, ma anche sui nostri giovani&#8221;.<\/p>\n<p>Registrarsi attraverso il seguente link: <br \/>mahox.es\/formulario-de-inscripcion<\/p>\n","protected":false},"excerpt":{"rendered":"<p><span>Corsi di specializzazione, allenamento fisico, lotterie, giochi e altre sorprese saranno i protagonisti dal 14 al 19 luglio nella citt\u00e0 settentrionale.<\/span><\/p>\n","protected":false},"author":1,"featured_media":5512,"comment_status":"open","ping_status":"open","sticky":false,"template":"","format":"standard","meta":{"inline_featured_image":false,"jnews-multi-image_gallery":[],"jnews_single_post":[],"jnews_primary_category":[],"jnews_social_meta":[],"jnews_override_counter":[],"jnews_post_split":[],"footnotes":""},"categories":[292],"tags":[348],"class_list":["post-5515","post","type-post","status-publish","format-standard","has-post-thumbnail","hentry","category-la-oliva-it","tag-la-oliva"],"jetpack_featured_media_url":"https:\/\/informacionlocal.es\/wp-content\/uploads\/2025\/06\/5215_60094548.png","_links":{"self":[{"href":"https:\/\/informacionlocal.es\/it\/wp-json\/wp\/v2\/posts\/5515","targetHints":{"allow":["GET"]}}],"collection":[{"href":"https:\/\/informacionlocal.es\/it\/wp-json\/wp\/v2\/posts"}],"about":[{"href":"https:\/\/informacionlocal.es\/it\/wp-json\/wp\/v2\/types\/post"}],"author":[{"embeddable":true,"href":"https:\/\/informacionlocal.es\/it\/wp-json\/wp\/v2\/users\/1"}],"replies":[{"embeddable":true,"href":"https:\/\/informacionlocal.es\/it\/wp-json\/wp\/v2\/comments?post=5515"}],"version-history":[{"count":0,"href":"https:\/\/informacionlocal.es\/it\/wp-json\/wp\/v2\/posts\/5515\/revisions"}],"wp:featuredmedia":[{"embeddable":true,"href":"https:\/\/informacionlocal.es\/it\/wp-json\/wp\/v2\/media\/5512"}],"wp:attachment":[{"href":"https:\/\/informacionlocal.es\/it\/wp-json\/wp\/v2\/media?parent=5515"}],"wp:term":[{"taxonomy":"category","embeddable":true,"href":"https:\/\/informacionlocal.es\/it\/wp-json\/wp\/v2\/categories?post=5515"},{"taxonomy":"post_tag","embeddable":true,"href":"https:\/\/informacionlocal.es\/it\/wp-json\/wp\/v2\/tags?post=5515"}],"curies":[{"name":"wp","href":"https:\/\/api.w.org\/{rel}","templated":true}]}}