{"id":5503,"date":"2025-06-14T11:36:17","date_gmt":"2025-06-14T11:36:17","guid":{"rendered":"https:\/\/informacionlocal.es\/los-hornos-de-cal-di-el-charco-hanno-ospitato-il-concerto-e-le-attivita-delle-notti-di-luna-piena\/"},"modified":"2025-06-14T11:36:17","modified_gmt":"2025-06-14T11:36:17","slug":"los-hornos-de-cal-di-el-charco-hanno-ospitato-il-concerto-e-le-attivita-delle-notti-di-luna-piena","status":"publish","type":"post","link":"https:\/\/informacionlocal.es\/it\/los-hornos-de-cal-di-el-charco-hanno-ospitato-il-concerto-e-le-attivita-delle-notti-di-luna-piena\/","title":{"rendered":"Los Hornos de Cal di El Charco hanno ospitato il concerto e le attivit\u00e0 delle Notti di Luna Piena."},"content":{"rendered":"<div class=\"entry-content\">\n<div class=\"xdj266r x14z9mp xat24cr x1lziwak x1vvkbs x126k92a\">\n<div dir=\"auto\">La notte di venerd\u00ec 13 giugno, le fornaci di calce di El Charco hanno ospitato il concerto e le attivit\u00e0 delle Notti di Luna Piena.<\/div>\n<div dir=\"auto\">Musica dal vivo con Javi Chac\u00f3n e l&#8217;Orchestra Informale, un mercatino dell&#8217;artigianato, laboratori per bambini e un&#8217;area gastronomica per gustare i sapori locali accompagnati dal pubblico.<\/div>\n<\/div>\n<div class=\"x14z9mp xat24cr x1lziwak x1vvkbs xtlvy1s x126k92a\">\n<div dir=\"auto\">Maggiori informazioni: <span class=\"html-span xdj266r x14z9mp xat24cr x1lziwak xexx8yu xyri2b x18d9i69 x1c1uobl x1hl2dhg x16tdsg8 x1vvkbs\">lunallena.discoverpuerto.es<\/span><\/div>\n<\/div>\n<div class=\"x14z9mp xat24cr x1lziwak x1vvkbs xtlvy1s x126k92a\">\n<div dir=\"auto\">Il Centro di Interpretazione delle Fornaci da Calce (CIHC) era aperto dalle 09.00 alle 00.00 (INGRESSO GRATUITO).<\/div>\n<div dir=\"auto\">Il CIHC pu\u00f2 essere visitato dal luned\u00ec al venerd\u00ec dalle ore 9:00 alle 17:00.<\/div>\n<\/div>\n<\/div>\n","protected":false},"excerpt":{"rendered":"<p>La notte di venerd\u00ec 13 giugno, le fornaci di calce di El Charco hanno ospitato il concerto e le attivit\u00e0 delle Notti di Luna Piena. Musica dal vivo con Javi [&hellip;]<\/p>\n","protected":false},"author":1,"featured_media":5500,"comment_status":"open","ping_status":"open","sticky":false,"template":"","format":"standard","meta":{"inline_featured_image":false,"jnews-multi-image_gallery":[],"jnews_single_post":[],"jnews_primary_category":[],"jnews_social_meta":[],"jnews_override_counter":[],"jnews_post_split":[],"footnotes":""},"categories":[295],"tags":[],"class_list":["post-5503","post","type-post","status-publish","format-standard","has-post-thumbnail","hentry","category-puerto-del-rosario-it"],"jetpack_featured_media_url":"https:\/\/informacionlocal.es\/wp-content\/uploads\/2025\/06\/luna-llena-130625-javi-chacon-1.jpg","_links":{"self":[{"href":"https:\/\/informacionlocal.es\/it\/wp-json\/wp\/v2\/posts\/5503","targetHints":{"allow":["GET"]}}],"collection":[{"href":"https:\/\/informacionlocal.es\/it\/wp-json\/wp\/v2\/posts"}],"about":[{"href":"https:\/\/informacionlocal.es\/it\/wp-json\/wp\/v2\/types\/post"}],"author":[{"embeddable":true,"href":"https:\/\/informacionlocal.es\/it\/wp-json\/wp\/v2\/users\/1"}],"replies":[{"embeddable":true,"href":"https:\/\/informacionlocal.es\/it\/wp-json\/wp\/v2\/comments?post=5503"}],"version-history":[{"count":0,"href":"https:\/\/informacionlocal.es\/it\/wp-json\/wp\/v2\/posts\/5503\/revisions"}],"wp:featuredmedia":[{"embeddable":true,"href":"https:\/\/informacionlocal.es\/it\/wp-json\/wp\/v2\/media\/5500"}],"wp:attachment":[{"href":"https:\/\/informacionlocal.es\/it\/wp-json\/wp\/v2\/media?parent=5503"}],"wp:term":[{"taxonomy":"category","embeddable":true,"href":"https:\/\/informacionlocal.es\/it\/wp-json\/wp\/v2\/categories?post=5503"},{"taxonomy":"post_tag","embeddable":true,"href":"https:\/\/informacionlocal.es\/it\/wp-json\/wp\/v2\/tags?post=5503"}],"curies":[{"name":"wp","href":"https:\/\/api.w.org\/{rel}","templated":true}]}}