{"id":5491,"date":"2025-06-14T09:21:08","date_gmt":"2025-06-14T09:21:08","guid":{"rendered":"https:\/\/informacionlocal.es\/fuochi-balli-allaperto-e-un-grande-falo-alle-fiestas-de-san-juan-a-pozo-negro\/"},"modified":"2025-06-14T09:21:08","modified_gmt":"2025-06-14T09:21:08","slug":"fuochi-balli-allaperto-e-un-grande-falo-alle-fiestas-de-san-juan-a-pozo-negro","status":"publish","type":"post","link":"https:\/\/informacionlocal.es\/it\/fuochi-balli-allaperto-e-un-grande-falo-alle-fiestas-de-san-juan-a-pozo-negro\/","title":{"rendered":"Fuochi, balli all&#8217;aperto e un grande fal\u00f2 alle Fiestas de San Juan a Pozo Negro"},"content":{"rendered":"<div class=\"elementor-widget-container\">\n<p><strong>Fuochi, balli all&#8217;aperto e un grande fal\u00f2 alle Fiestas de San Juan a Pozo Negro<\/strong><\/p>\n<p><strong>&#8211; L&#8217;immagine di San Juan torna a Pozo Negro per i festeggiamenti e la processione costiera.  <\/strong><br \/><strong>&#8211; Il marinaio Jacinto P\u00e9rez d\u00e0 il via alle Feste con il discorso di apertura gioved\u00ec 19 giugno alle 20:00, seguito dalla tradizionale sardinada.<\/strong><\/p>\n<p>Pozo Negro sar\u00e0 addobbato a festa da gioved\u00ec 19 a luned\u00ec 23 giugno per i festeggiamenti patronali in onore di San Juan, il santo che presieder\u00e0 tutte le celebrazioni, protagonista della seconda processione costiera di questa citt\u00e0 sul mare domenica 22 dalle ore 13:30.<\/p>\n<p>Le Feste di San Juan a Pozo Negro sono iniziate da un banditore nato in citt\u00e0, la cui vita da marinaio lo ha portato a osservare e a svolgere un ruolo di primo piano nello sviluppo di un luogo unico e familiare come Pozo Negro, dice il sindaco Mat\u00edas Pe\u00f1a Garc\u00eda, il primo porto naturale dell&#8217;isola e la spiaggia di tante famiglie del comune.<\/p>\n<p>L&#8217;Ayuntamiento de Antigua della Concejal\u00eda de Fiestas offre un programma intenso, annuncia il consigliere della zona, Pedro M. Armas Mart\u00edn, a partire dal discorso di apertura seguito dalla tradizionale sardinada apprezzata da tutti i partecipanti.<\/p>\n<p>Venerd\u00ec, prosegue l \u201cassessore, a partire dalle ore 21:00 potremo assistere alle esibizioni del Duo Fantas\u00eda, seguito dal noto gruppo Mejor con Copas e chiudendo la serata con l\u201d orchestra Estrella Latina.<\/p>\n<p>I bambini si divertiranno il sabato a partire dalle 12:00 e nel pomeriggio tutta la famiglia \u00e8 invitata a partecipare alla Zumba Master Class, al DJ Clandestina e, all \u201cora delle streghe, all\u201d esibizione pirotecnica acquatica e terrestre, annunciando la verbena con Grupo Kalibre e Gente Nueva.<\/p>\n<p>Per il secondo anno consecutivo, Pozo Negro celebra una processione costiera in onore di San Juan la domenica a mezzogiorno, accolta da tutto il villaggio e dagli spettacoli della parrandera.<\/p>\n<p>Naturalmente, aggiunge il consigliere Pedro M.Armas, ci sar\u00e0 il Grande Fal\u00f2 preparato per la notte di San Juan di luned\u00ec 23, che quest&#8217;anno sar\u00e0 preceduto dall&#8217;ouverture di danza dell&#8217;Accademia Entresiluetas e dal Rituale magico e di buona energia offerto dallo Sciamano delle Canarie, Jos\u00e9 Luis Ferrer.<\/p>\n<\/div>\n","protected":false},"excerpt":{"rendered":"<p><strong>Fuochi, balli all&#8217;aperto e un grande fal\u00f2 alle Fiestas de San Juan a Pozo Negro<\/strong><\/p>\n","protected":false},"author":1,"featured_media":5488,"comment_status":"open","ping_status":"open","sticky":false,"template":"","format":"standard","meta":{"inline_featured_image":false,"jnews-multi-image_gallery":[],"jnews_single_post":[],"jnews_primary_category":[],"jnews_social_meta":[],"jnews_override_counter":[],"jnews_post_split":[],"footnotes":""},"categories":[282],"tags":[],"class_list":["post-5491","post","type-post","status-publish","format-standard","has-post-thumbnail","hentry","category-antigua-it"],"jetpack_featured_media_url":"https:\/\/informacionlocal.es\/wp-content\/uploads\/2025\/06\/fiestas-pozo-negro-2025-1.jpg","_links":{"self":[{"href":"https:\/\/informacionlocal.es\/it\/wp-json\/wp\/v2\/posts\/5491","targetHints":{"allow":["GET"]}}],"collection":[{"href":"https:\/\/informacionlocal.es\/it\/wp-json\/wp\/v2\/posts"}],"about":[{"href":"https:\/\/informacionlocal.es\/it\/wp-json\/wp\/v2\/types\/post"}],"author":[{"embeddable":true,"href":"https:\/\/informacionlocal.es\/it\/wp-json\/wp\/v2\/users\/1"}],"replies":[{"embeddable":true,"href":"https:\/\/informacionlocal.es\/it\/wp-json\/wp\/v2\/comments?post=5491"}],"version-history":[{"count":0,"href":"https:\/\/informacionlocal.es\/it\/wp-json\/wp\/v2\/posts\/5491\/revisions"}],"wp:featuredmedia":[{"embeddable":true,"href":"https:\/\/informacionlocal.es\/it\/wp-json\/wp\/v2\/media\/5488"}],"wp:attachment":[{"href":"https:\/\/informacionlocal.es\/it\/wp-json\/wp\/v2\/media?parent=5491"}],"wp:term":[{"taxonomy":"category","embeddable":true,"href":"https:\/\/informacionlocal.es\/it\/wp-json\/wp\/v2\/categories?post=5491"},{"taxonomy":"post_tag","embeddable":true,"href":"https:\/\/informacionlocal.es\/it\/wp-json\/wp\/v2\/tags?post=5491"}],"curies":[{"name":"wp","href":"https:\/\/api.w.org\/{rel}","templated":true}]}}