{"id":5467,"date":"2025-06-13T13:04:22","date_gmt":"2025-06-13T13:04:22","guid":{"rendered":"https:\/\/informacionlocal.es\/il-municipio-di-pajara-promuove-la-formazione-con-unampia-gamma-di-corsi-online-e-faccia-a-faccia\/"},"modified":"2025-06-13T13:04:22","modified_gmt":"2025-06-13T13:04:22","slug":"il-municipio-di-pajara-promuove-la-formazione-con-unampia-gamma-di-corsi-online-e-faccia-a-faccia","status":"publish","type":"post","link":"https:\/\/informacionlocal.es\/it\/il-municipio-di-pajara-promuove-la-formazione-con-unampia-gamma-di-corsi-online-e-faccia-a-faccia\/","title":{"rendered":"Il Municipio di P\u00e1jara promuove la formazione con un&#8217;ampia gamma di corsi online e faccia a faccia."},"content":{"rendered":"<div class=\"entry-content\">\n<p><b><i>Le attivit\u00e0 comprendono corsi di fotografia mobile, intelligenza emotiva, Canva e public speaking per migliorare le competenze dei cittadini del comune.<\/i><\/b><\/p>\n<p><span>Il Comune di P\u00e1jara, attraverso l&#8217;Assessorato allo Sviluppo Locale, Formazione e Occupazione, guidato dall&#8217;Assessore Luc\u00eda Darriba, annuncia il lancio di una nuova serie di corsi di formazione per questa estate. L&#8217;offerta comprende quattro corsi online e un corso frontale, pensati per migliorare le competenze professionali e personali dei cittadini del Comune.   <\/span><\/p>\n<p><span>L&#8217;assessore sottolinea l&#8217;importanza di questa iniziativa. &#8220;Il nostro obiettivo \u00e8 offrire strumenti che facilitino il miglioramento delle competenze e dell&#8217;occupabilit\u00e0 dei nostri vicini&#8221;, afferma. Aggiunge che &#8220;abbiamo progettato un programma vario che si adatta alle attuali esigenze del mercato del lavoro e che consente anche la flessibilit\u00e0 della formazione online&#8221;.  <\/span><\/p>\n<p><span>Il programma online inizier\u00e0 il 16 giugno con il corso \u201cFotografia con i cellulari\u201d, un workshop di 30 ore che durer\u00e0 fino al 30 giugno e insegner\u00e0 ai partecipanti come catturare immagini straordinarie con i loro dispositivi. Il 30 giugno seguir\u00e0 il corso \u201cIntelligenza emotiva\u201d, un programma di 50 ore che si concluder\u00e0 il 20 luglio, incentrato sulla gestione delle emozioni e sul miglioramento delle relazioni interpersonali.   <\/span><\/p>\n<p><span>Inoltre, per chi \u00e8 interessato al design, dal 23 giugno al 7 luglio si terr\u00e0 il corso di 30 ore \u201cCome usare Canva ed essere creativi\u201d, che offrir\u00e0 le chiavi per padroneggiare questo popolare strumento. Infine, il 7 luglio inizier\u00e0 \u201cIl valore di s\u00e9\u201d, un corso intensivo di 50 ore che durer\u00e0 fino al 28 luglio, dedicato alla conoscenza di s\u00e9 e al rafforzamento della fiducia personale.   <\/span><\/p>\n<p><span>D&#8217;altra parte, \u00e8 stato programmato un corso faccia a faccia essenziale per lo sviluppo delle capacit\u00e0 comunicative &#8220;Come parlare in pubblico&#8221;. Con una durata di 8 ore, questo workshop intensivo si svolger\u00e0 il 9 e il 10 luglio e fornir\u00e0 le tecniche necessarie per una comunicazione efficace e per superare la paura del palcoscenico. <\/span><\/p>\n<p><img decoding=\"async\" class=\"alignnone size-full wp-image-20512\" src=\"https:\/\/informacionlocal.es\/wp-content\/uploads\/2025\/06\/canva.jpg\" width=\"206\" height=\"206\" title=\"canva\"><img fetchpriority=\"high\" decoding=\"async\" class=\"alignnone size-medium wp-image-20513\" src=\"https:\/\/informacionlocal.es\/wp-content\/uploads\/2025\/06\/como-hablar-en-publico-300x212-1.jpg\" width=\"300\" height=\"212\" title=\"como-hablar-en-publico-300x212-1\"><img decoding=\"async\" class=\"alignnone size-medium wp-image-20514\" src=\"https:\/\/informacionlocal.es\/wp-content\/uploads\/2025\/06\/el-valor-de-uno-mismo-300x210-1.jpg\" width=\"300\" height=\"210\" title=\"el-valor-de-uno-mismo-300x210-1\"><img loading=\"lazy\" decoding=\"async\" loading=\"lazy\" class=\"alignnone size-medium wp-image-20515\" src=\"https:\/\/informacionlocal.es\/wp-content\/uploads\/2025\/06\/fotografia-300x212-1.jpg\" width=\"300\" height=\"212\" title=\"photography-300x212-1\"><img loading=\"lazy\" decoding=\"async\" loading=\"lazy\" class=\"alignnone size-medium wp-image-20516\" src=\"https:\/\/informacionlocal.es\/wp-content\/uploads\/2025\/06\/inteligencia-emocional-300x210-1.jpg\" width=\"300\" height=\"210\" title=\"inteligencia-emocional-300x210-1\"><\/p>\n<\/div>\n","protected":false},"excerpt":{"rendered":"<p><i>Le attivit\u00e0 comprendono corsi di fotografia mobile, intelligenza emotiva, Canva e public speaking per migliorare le competenze dei cittadini del comune.<\/i><\/p>\n","protected":false},"author":1,"featured_media":5444,"comment_status":"open","ping_status":"open","sticky":false,"template":"","format":"standard","meta":{"inline_featured_image":false,"jnews-multi-image_gallery":[],"jnews_single_post":[],"jnews_primary_category":[],"jnews_social_meta":[],"jnews_override_counter":[],"jnews_post_split":[],"footnotes":""},"categories":[298],"tags":[],"class_list":["post-5467","post","type-post","status-publish","format-standard","has-post-thumbnail","hentry","category-pajara-it"],"jetpack_featured_media_url":"https:\/\/informacionlocal.es\/wp-content\/uploads\/2025\/06\/cursos-e1749818312188.png","_links":{"self":[{"href":"https:\/\/informacionlocal.es\/it\/wp-json\/wp\/v2\/posts\/5467","targetHints":{"allow":["GET"]}}],"collection":[{"href":"https:\/\/informacionlocal.es\/it\/wp-json\/wp\/v2\/posts"}],"about":[{"href":"https:\/\/informacionlocal.es\/it\/wp-json\/wp\/v2\/types\/post"}],"author":[{"embeddable":true,"href":"https:\/\/informacionlocal.es\/it\/wp-json\/wp\/v2\/users\/1"}],"replies":[{"embeddable":true,"href":"https:\/\/informacionlocal.es\/it\/wp-json\/wp\/v2\/comments?post=5467"}],"version-history":[{"count":0,"href":"https:\/\/informacionlocal.es\/it\/wp-json\/wp\/v2\/posts\/5467\/revisions"}],"wp:featuredmedia":[{"embeddable":true,"href":"https:\/\/informacionlocal.es\/it\/wp-json\/wp\/v2\/media\/5444"}],"wp:attachment":[{"href":"https:\/\/informacionlocal.es\/it\/wp-json\/wp\/v2\/media?parent=5467"}],"wp:term":[{"taxonomy":"category","embeddable":true,"href":"https:\/\/informacionlocal.es\/it\/wp-json\/wp\/v2\/categories?post=5467"},{"taxonomy":"post_tag","embeddable":true,"href":"https:\/\/informacionlocal.es\/it\/wp-json\/wp\/v2\/tags?post=5467"}],"curies":[{"name":"wp","href":"https:\/\/api.w.org\/{rel}","templated":true}]}}