{"id":5437,"date":"2025-06-13T12:18:38","date_gmt":"2025-06-13T12:18:38","guid":{"rendered":"https:\/\/informacionlocal.es\/la-scuola-di-musica-emma-in-concerto-allauditorium-di-antigua\/"},"modified":"2025-06-13T12:18:38","modified_gmt":"2025-06-13T12:18:38","slug":"la-scuola-di-musica-emma-in-concerto-allauditorium-di-antigua","status":"publish","type":"post","link":"https:\/\/informacionlocal.es\/it\/la-scuola-di-musica-emma-in-concerto-allauditorium-di-antigua\/","title":{"rendered":"La Scuola di Musica EMMA in concerto all&#8217;Auditorium di Antigua"},"content":{"rendered":"<div class=\"elementor-widget-container\">\n<p><strong>La Scuola di Musica EMMA in concerto all&#8217;Auditorium di Antigua<\/strong><\/p>\n<p><strong>&#8211; L&#8217;Auditorium di Antigua, palcoscenico pubblico per i talenti che la Scuola Comunale di Musica ospita in tutte le sue modalit\u00e0.  <\/strong><br \/><strong>&#8211; Il prossimo mercoled\u00ec 18 giugno dalle 17:00 alle 19:00.<\/strong><\/p>\n<p>Gli studenti della Escuela Municipal de M\u00fasica de Antigua, EMMA, propongono un Concerto di fine corso il prossimo mercoled\u00ec 18 giugno dalle 17:00 alle 19:00.<\/p>\n<p>Esibizioni soliste e di gruppo ci offriranno temi noti per goderci comodamente con la famiglia, gli amici e i vicini la fine dell \u201canno scolastico e la primavera nell\u201d Auditorium di Antigua. Domingo Saavedra, direttore di EMMA, sar\u00e0 anche il direttore di questo Concerto di fine anno, insieme agli insegnanti che aiutano a coordinare questo evento. <\/p>\n<p>La Scuola Comunale di Musica \u00e8 un \u201ciniziativa che ha avuto una magnifica risposta in termini di iscrizioni da parte dei vicini di tutte le parti del comune, in tutte le fasce d\u201d et\u00e0, bambini, giovani e adulti, cos\u00ec come nelle diverse modalit\u00e0 offerte&#8221;, afferma il sindaco, Mat\u00edas Pe\u00f1a, che sottolinea la coraggiosa partecipazione degli studenti di musica a questo Concerto di Fine Corso.<\/p>\n<p>Potremo ammirare cantanti, batteristi, chitarristi, pianisti, percussionisti grandi e piccoli, cos\u00ec come sassofonisti e un \u201cinfinita variet\u00e0 di strumenti, che mostreranno sia ci\u00f2 che hanno imparato sia il potenziale per creare in futuro il proprio gruppo, parranda o piccola orchestra del comune&#8221;, afferma l\u201d assessore alla Cultura, Jonathan Pe\u00f1a.<\/p>\n<\/div>\n","protected":false},"excerpt":{"rendered":"<p><strong>La Scuola di Musica EMMA in concerto all&#8217;Auditorium di Antigua<\/strong><\/p>\n","protected":false},"author":1,"featured_media":5432,"comment_status":"open","ping_status":"open","sticky":false,"template":"","format":"standard","meta":{"inline_featured_image":false,"jnews-multi-image_gallery":[],"jnews_single_post":[],"jnews_primary_category":[],"jnews_social_meta":[],"jnews_override_counter":[],"jnews_post_split":[],"footnotes":""},"categories":[282],"tags":[],"class_list":["post-5437","post","type-post","status-publish","format-standard","has-post-thumbnail","hentry","category-antigua-it"],"jetpack_featured_media_url":"https:\/\/informacionlocal.es\/wp-content\/uploads\/2025\/06\/imagen-de-whatsapp-2025-06-13-a-las-12-59-54_142fa085.jpg","_links":{"self":[{"href":"https:\/\/informacionlocal.es\/it\/wp-json\/wp\/v2\/posts\/5437","targetHints":{"allow":["GET"]}}],"collection":[{"href":"https:\/\/informacionlocal.es\/it\/wp-json\/wp\/v2\/posts"}],"about":[{"href":"https:\/\/informacionlocal.es\/it\/wp-json\/wp\/v2\/types\/post"}],"author":[{"embeddable":true,"href":"https:\/\/informacionlocal.es\/it\/wp-json\/wp\/v2\/users\/1"}],"replies":[{"embeddable":true,"href":"https:\/\/informacionlocal.es\/it\/wp-json\/wp\/v2\/comments?post=5437"}],"version-history":[{"count":0,"href":"https:\/\/informacionlocal.es\/it\/wp-json\/wp\/v2\/posts\/5437\/revisions"}],"wp:featuredmedia":[{"embeddable":true,"href":"https:\/\/informacionlocal.es\/it\/wp-json\/wp\/v2\/media\/5432"}],"wp:attachment":[{"href":"https:\/\/informacionlocal.es\/it\/wp-json\/wp\/v2\/media?parent=5437"}],"wp:term":[{"taxonomy":"category","embeddable":true,"href":"https:\/\/informacionlocal.es\/it\/wp-json\/wp\/v2\/categories?post=5437"},{"taxonomy":"post_tag","embeddable":true,"href":"https:\/\/informacionlocal.es\/it\/wp-json\/wp\/v2\/tags?post=5437"}],"curies":[{"name":"wp","href":"https:\/\/api.w.org\/{rel}","templated":true}]}}