{"id":5423,"date":"2025-06-13T10:13:02","date_gmt":"2025-06-13T10:13:02","guid":{"rendered":"https:\/\/informacionlocal.es\/la-rete-canaria-per-loccupabilita-rec-si-riunisce-per-la-prima-volta-a-la-oliva\/"},"modified":"2025-06-13T10:13:02","modified_gmt":"2025-06-13T10:13:02","slug":"la-rete-canaria-per-loccupabilita-rec-si-riunisce-per-la-prima-volta-a-la-oliva","status":"publish","type":"post","link":"https:\/\/informacionlocal.es\/it\/la-rete-canaria-per-loccupabilita-rec-si-riunisce-per-la-prima-volta-a-la-oliva\/","title":{"rendered":"La Rete Canaria per l&#8217;Occupabilit\u00e0 (REC) si riunisce per la prima volta a La Oliva"},"content":{"rendered":"<p>Il Comune di La Oliva, attraverso l&#8217;Assessorato allo Sviluppo Locale, diretto da Alexandra Mart\u00edn, ospita la prima riunione della Rete Canaria di Occupabilit\u00e0 (REC) nel municipio. Cos\u00ec, la Sala Plenaria del Concistoro riceve la rete di lavoro cooperativo che lavora per migliorare le possibilit\u00e0 di inserimento lavorativo, sfruttando la natura eterogenea e multidisciplinare del team di professionisti che la compongono. Tra i membri di questo gruppo ci sono organizzazioni ed enti che operano nel campo dell&#8217;orientamento e dell&#8217;occupazione nelle Isole Canarie.  <\/p>\n<p>Dal 2022, il Dipartimento di Sviluppo Locale del Comune partecipa attivamente al REC di Fuerteventura insieme ad altri enti e gruppi pubblici e privati il cui scopo \u00e8 l&#8217;occupazione e\/o il lavoro autonomo. Questo incontro non solo permette di continuare con le regolari riunioni di gruppo che si tengono ogni due mesi, ma stabilisce anche uno spazio in cui promuovere la partecipazione del REC alle prossime giornate del lavoro che si terranno dal Concistoro, attraverso diverse proposte e idee per generare giornate proficue. <\/p>\n<p>Il sindaco di La Oliva, Isa\u00ed Blanco, esprime la necessit\u00e0 di continuare a lavorare insieme alla RED per migliorare l &#8220;occupabilit\u00e0 degli abitanti del comune: \u2018Da parte del Comune \u00e8 fondamentale continuare a sostenere uno spazio di dialogo tra l\u2019 Amministrazione e la Rete Canaria per l \u2018Occupabilit\u00e0, al fine di mettere a disposizione di tutti i residenti del comune le risorse che consentano non solo di trovare un\u2019 occupazione, ma anche una pi\u00f9 vicina, in misura maggiore, alle loro preoccupazioni e interessi&#8221;.  <\/p>\n<p>Da parte sua, l &#8220;Assessore allo Sviluppo Locale, Alexandra Mart\u00edn, sottolinea: \u2018La partecipazione comunale a questo incontro della RED ci assicura di avere informazioni di prima mano su tutti i servizi che esistono a Fuerteventura in termini di occupazione e di poter trasmettere queste informazioni a tutti gli utenti che attraversano l\u2019 area dello Sviluppo Locale&#8221;.<\/p>\n","protected":false},"excerpt":{"rendered":"<p><span>L \u201cobiettivo \u00e8 migliorare l\u201d integrazione degli abitanti del comune nel mondo del lavoro.<\/span><\/p>\n","protected":false},"author":1,"featured_media":5420,"comment_status":"open","ping_status":"open","sticky":false,"template":"","format":"standard","meta":{"inline_featured_image":false,"jnews-multi-image_gallery":[],"jnews_single_post":[],"jnews_primary_category":[],"jnews_social_meta":[],"jnews_override_counter":[],"jnews_post_split":[],"footnotes":""},"categories":[292],"tags":[223],"class_list":["post-5423","post","type-post","status-publish","format-standard","has-post-thumbnail","hentry","category-la-oliva-it","tag-fuerteventura-it"],"jetpack_featured_media_url":"https:\/\/informacionlocal.es\/wp-content\/uploads\/2025\/06\/5214_ae67d96b.png","_links":{"self":[{"href":"https:\/\/informacionlocal.es\/it\/wp-json\/wp\/v2\/posts\/5423","targetHints":{"allow":["GET"]}}],"collection":[{"href":"https:\/\/informacionlocal.es\/it\/wp-json\/wp\/v2\/posts"}],"about":[{"href":"https:\/\/informacionlocal.es\/it\/wp-json\/wp\/v2\/types\/post"}],"author":[{"embeddable":true,"href":"https:\/\/informacionlocal.es\/it\/wp-json\/wp\/v2\/users\/1"}],"replies":[{"embeddable":true,"href":"https:\/\/informacionlocal.es\/it\/wp-json\/wp\/v2\/comments?post=5423"}],"version-history":[{"count":0,"href":"https:\/\/informacionlocal.es\/it\/wp-json\/wp\/v2\/posts\/5423\/revisions"}],"wp:featuredmedia":[{"embeddable":true,"href":"https:\/\/informacionlocal.es\/it\/wp-json\/wp\/v2\/media\/5420"}],"wp:attachment":[{"href":"https:\/\/informacionlocal.es\/it\/wp-json\/wp\/v2\/media?parent=5423"}],"wp:term":[{"taxonomy":"category","embeddable":true,"href":"https:\/\/informacionlocal.es\/it\/wp-json\/wp\/v2\/categories?post=5423"},{"taxonomy":"post_tag","embeddable":true,"href":"https:\/\/informacionlocal.es\/it\/wp-json\/wp\/v2\/tags?post=5423"}],"curies":[{"name":"wp","href":"https:\/\/api.w.org\/{rel}","templated":true}]}}