{"id":5411,"date":"2025-06-12T16:07:46","date_gmt":"2025-06-12T16:07:46","guid":{"rendered":"https:\/\/informacionlocal.es\/il-comune-di-pajara-assegna-lorganizzazione-de-la-carpa-a-dn7-music\/"},"modified":"2025-06-12T16:07:46","modified_gmt":"2025-06-12T16:07:46","slug":"il-comune-di-pajara-assegna-lorganizzazione-de-la-carpa-a-dn7-music","status":"publish","type":"post","link":"https:\/\/informacionlocal.es\/it\/il-comune-di-pajara-assegna-lorganizzazione-de-la-carpa-a-dn7-music\/","title":{"rendered":"Il Comune di P\u00e1jara assegna l&#8217;organizzazione de La Carpa a DN7 Music"},"content":{"rendered":"<div class=\"entry-content\">\n<p><b><i>L&#8217;evento musicale si terr\u00e0 dal 17 luglio al 3 agosto sulla spiaggia di Sotavento.<\/i><\/b><\/p>\n<p><span>Il Comune di P\u00e1jara informa di aver affidato alla societ\u00e0 DN7 Music l&#8217;organizzazione di uno degli eventi ricreativi pi\u00f9 importanti delle Isole Canarie: La Carpa de noche, che si svolger\u00e0 dal 17 luglio al 3 agosto sulle spiagge di Sotavento.  <\/span><\/p>\n<p><span>La Carpa consolider\u00e0 ancora una volta la sua posizione di punto di riferimento per la vita notturna e la cultura musicale dell&#8217;isola, offrendo diciotto giorni consecutivi di attivit\u00e0, concerti e incontri sociali che contribuiranno alla rivitalizzazione turistica, culturale ed economica del comune.  <\/span><\/p>\n<p><span>L \u201cistituzione comunale desidera ringraziare il lavoro tecnico e legale degli operatori comunali, che hanno reso possibile lo svolgimento di questo processo in modo tempestivo, garantendo la trasparenza e la qualit\u00e0 dell\u201d evento.  <\/span><\/p>\n<p><span>Allo stesso modo, il Comune di P\u00e1jara continua a lavorare affinch\u00e9 questa edizione sia un successo organizzativo, consolidandosi come riferimento nell \u201cofferta di eventi per il tempo libero nell\u201d arcipelago e generando un impatto positivo per i residenti e i visitatori.<\/span><\/p>\n<\/div>\n","protected":false},"excerpt":{"rendered":"<p><i>L&#8217;evento musicale si terr\u00e0 dal 17 luglio al 3 agosto sulla spiaggia di Sotavento.<\/i><\/p>\n","protected":false},"author":1,"featured_media":5408,"comment_status":"open","ping_status":"open","sticky":false,"template":"","format":"standard","meta":{"inline_featured_image":false,"jnews-multi-image_gallery":[],"jnews_single_post":[],"jnews_primary_category":[],"jnews_social_meta":[],"jnews_override_counter":[],"jnews_post_split":[],"footnotes":""},"categories":[298],"tags":[308],"class_list":["post-5411","post","type-post","status-publish","format-standard","has-post-thumbnail","hentry","category-pajara-it","tag-eventos-it"],"jetpack_featured_media_url":"https:\/\/informacionlocal.es\/wp-content\/uploads\/2025\/06\/la-carpa-e1749742272923.jpeg","_links":{"self":[{"href":"https:\/\/informacionlocal.es\/it\/wp-json\/wp\/v2\/posts\/5411","targetHints":{"allow":["GET"]}}],"collection":[{"href":"https:\/\/informacionlocal.es\/it\/wp-json\/wp\/v2\/posts"}],"about":[{"href":"https:\/\/informacionlocal.es\/it\/wp-json\/wp\/v2\/types\/post"}],"author":[{"embeddable":true,"href":"https:\/\/informacionlocal.es\/it\/wp-json\/wp\/v2\/users\/1"}],"replies":[{"embeddable":true,"href":"https:\/\/informacionlocal.es\/it\/wp-json\/wp\/v2\/comments?post=5411"}],"version-history":[{"count":0,"href":"https:\/\/informacionlocal.es\/it\/wp-json\/wp\/v2\/posts\/5411\/revisions"}],"wp:featuredmedia":[{"embeddable":true,"href":"https:\/\/informacionlocal.es\/it\/wp-json\/wp\/v2\/media\/5408"}],"wp:attachment":[{"href":"https:\/\/informacionlocal.es\/it\/wp-json\/wp\/v2\/media?parent=5411"}],"wp:term":[{"taxonomy":"category","embeddable":true,"href":"https:\/\/informacionlocal.es\/it\/wp-json\/wp\/v2\/categories?post=5411"},{"taxonomy":"post_tag","embeddable":true,"href":"https:\/\/informacionlocal.es\/it\/wp-json\/wp\/v2\/tags?post=5411"}],"curies":[{"name":"wp","href":"https:\/\/api.w.org\/{rel}","templated":true}]}}