{"id":5399,"date":"2025-06-12T11:45:14","date_gmt":"2025-06-12T11:45:14","guid":{"rendered":"https:\/\/informacionlocal.es\/gioventu-in-movimento-questo-fine-settimana-ad-antigua\/"},"modified":"2025-06-12T11:45:14","modified_gmt":"2025-06-12T11:45:14","slug":"gioventu-in-movimento-questo-fine-settimana-ad-antigua","status":"publish","type":"post","link":"https:\/\/informacionlocal.es\/it\/gioventu-in-movimento-questo-fine-settimana-ad-antigua\/","title":{"rendered":"Giovent\u00f9 in movimento questo fine settimana ad Antigua"},"content":{"rendered":"<div class=\"elementor-widget-container\">\n<p><strong>Giovent\u00f9 in movimento questo fine settimana ad Antigua<\/strong><\/p>\n<p><strong>&#8211; Mercato giovanile nella Plaza de Antigua con una variet\u00e0 di articoli in tessuto, dipinti o opere artigianali esposti in una ventina di stand.  <\/strong><br \/><strong>&#8211; Sabato 14 e domenica 15 giugno, la Plaza de Antigua \u00e8 il posto giusto per i giovani, che potranno godere di musica, balli, DJ, zumba per tutti e persino spettacoli di magia dalle 12:00 alle 22:00.<\/strong><\/p>\n<p>Questo fine settimana la Plaza de Antigua \u00e8 la piazza dei giovani, dice il sindaco, Mat\u00edas Pe\u00f1a, dove loro stessi organizzano mostre, spettacoli di danza, musica e persino trucchi di magia, con un lungo orario da mezzogiorno alle dieci di sera.<\/p>\n<p>Un \u201ciniziativa che ci \u00e8 stata presentata e alla quale non abbiamo esitato a collaborare dal Dipartimento della Giovent\u00f9&#8221;, afferma il responsabile dell\u201d area, Pedro M. Armas.<\/p>\n<p>L \u201cidea \u00e8 quella di godersi l\u201d evento in modo responsabile, con i giovani stessi, attraverso Para\u00edso Eventos, che organizza questo evento, Youth on the Move ad Antigua, con un ampio orario che permette di andare, andare e tornare, da mezzogiorno a sera in uno qualsiasi dei due giorni e in qualsiasi momento del fine settimana.<\/p>\n<p>Il consigliere Pedro M. Armas invita i giovani di Antigua e di altri comuni a frequentare, partecipare e godersi Youth in Motion ad Antigua, ricordando che \u00e8 aperto a tutti i residenti e vicini che, indipendentemente dall&#8217;et\u00e0, si sentono giovani, perch\u00e9 questo fine settimana si tratta di ascoltare o cantare e cantare, ballare o seguire i passi della zumba e dei DJ.<\/p>\n<\/div>\n","protected":false},"excerpt":{"rendered":"<p><strong>Giovent\u00f9 in movimento questo fine settimana ad Antigua<\/strong><\/p>\n","protected":false},"author":1,"featured_media":5396,"comment_status":"open","ping_status":"open","sticky":false,"template":"","format":"standard","meta":{"inline_featured_image":false,"jnews-multi-image_gallery":[],"jnews_single_post":[],"jnews_primary_category":[],"jnews_social_meta":[],"jnews_override_counter":[],"jnews_post_split":[],"footnotes":""},"categories":[282],"tags":[202,308],"class_list":["post-5399","post","type-post","status-publish","format-standard","has-post-thumbnail","hentry","category-antigua-it","tag-comuni","tag-eventos-it"],"jetpack_featured_media_url":"https:\/\/informacionlocal.es\/wp-content\/uploads\/2025\/06\/juventud-en-movimiento.jpg","_links":{"self":[{"href":"https:\/\/informacionlocal.es\/it\/wp-json\/wp\/v2\/posts\/5399","targetHints":{"allow":["GET"]}}],"collection":[{"href":"https:\/\/informacionlocal.es\/it\/wp-json\/wp\/v2\/posts"}],"about":[{"href":"https:\/\/informacionlocal.es\/it\/wp-json\/wp\/v2\/types\/post"}],"author":[{"embeddable":true,"href":"https:\/\/informacionlocal.es\/it\/wp-json\/wp\/v2\/users\/1"}],"replies":[{"embeddable":true,"href":"https:\/\/informacionlocal.es\/it\/wp-json\/wp\/v2\/comments?post=5399"}],"version-history":[{"count":0,"href":"https:\/\/informacionlocal.es\/it\/wp-json\/wp\/v2\/posts\/5399\/revisions"}],"wp:featuredmedia":[{"embeddable":true,"href":"https:\/\/informacionlocal.es\/it\/wp-json\/wp\/v2\/media\/5396"}],"wp:attachment":[{"href":"https:\/\/informacionlocal.es\/it\/wp-json\/wp\/v2\/media?parent=5399"}],"wp:term":[{"taxonomy":"category","embeddable":true,"href":"https:\/\/informacionlocal.es\/it\/wp-json\/wp\/v2\/categories?post=5399"},{"taxonomy":"post_tag","embeddable":true,"href":"https:\/\/informacionlocal.es\/it\/wp-json\/wp\/v2\/tags?post=5399"}],"curies":[{"name":"wp","href":"https:\/\/api.w.org\/{rel}","templated":true}]}}