{"id":5388,"date":"2025-06-12T10:46:10","date_gmt":"2025-06-12T10:46:10","guid":{"rendered":"https:\/\/informacionlocal.es\/la-guadelante-canarias-guagua-arriva-ad-antigua\/"},"modified":"2025-06-12T10:46:10","modified_gmt":"2025-06-12T10:46:10","slug":"la-guadelante-canarias-guagua-arriva-ad-antigua","status":"publish","type":"post","link":"https:\/\/informacionlocal.es\/it\/la-guadelante-canarias-guagua-arriva-ad-antigua\/","title":{"rendered":"La Guadelante Canarias Guagua arriva ad Antigua"},"content":{"rendered":"<div class=\"elementor-widget-container\">\n<p><strong>La Guadelante Canarias Guagua arriva ad Antigua<\/strong><\/p>\n<p><strong>&#8211; La Guagua de Guadelante Canarias sar\u00e0 presente accanto alle vecchie scuole in Plaza de Antigua da marted\u00ec 17 a gioved\u00ec 19 giugno dalle 10:00 alle 14:00 per fornire consulenza su lavoro, formazione, sussidi e agevolazioni, nonch\u00e9 sul riconoscimento di qualifiche e borse di studio.  <\/strong><br \/><strong>&#8211; Marted\u00ec 17 e fino a gioved\u00ec 19 giugno, dalle 10:00 alle 14:00, la Fondazione Cepaim, nelle vecchie scuole della piazza di Antigua, organizza una giornata di formazione, aperta e gratuita, nell&#8217;ambito del progetto Adelante Canarias, aprire le porte all&#8217;uguaglianza e all&#8217;inclusione.<\/strong><\/p>\n<p>Abbiamo recentemente incontrato i responsabili del progetto Guadelante Canarias<br \/>promosso dalla Fondazione Cepaim, ringraziandoli per l \u201ciniziativa e per aver scelto Antigua per svilupparla&#8221;, afferma il sindaco, Mat\u00edas Pe\u00f1a, contando sulla piena collaborazione del Comune di Antigua nell\u201d organizzazione della Giornata di formazione nelle vecchie scuole della piazza di Antigua.<\/p>\n<p>La Guagua de Guadelante Canarias sar\u00e0 presente accanto alle vecchie scuole in Plaza de Antigua da marted\u00ec 17 a gioved\u00ec 19 giugno dalle 10:00 alle 14:00 per fornire consulenza su lavoro, formazione, sussidi e agevolazioni, nonch\u00e9 sul riconoscimento di qualifiche e borse di studio.<\/p>\n<p>La conferenza \u00e8 rivolta a tutte le persone interessate e in particolare a coloro che lavorano a diretto contatto con il pubblico, spiega l&#8217;assessore ai Servizi sociali Am\u00e9rica Soto Betancor, un&#8217;attivit\u00e0 che sosteniamo nel Comune di Antigua in quanto mira ad abbattere le barriere anche linguistiche, migliorando l&#8217;inclusione di tutti, a prescindere da sesso, abilit\u00e0, origine o religione.<\/p>\n<p>Chi \u00e8 interessato pu\u00f2 ottenere maggiori informazioni sul telefono cellulare 697211151, dice la portavoce e tecnica della Fondazione Cepain, Soledad Valli, che ricorda che durante questi tre giorni, saremo a disposizione di tutti i residenti per offrire e facilitare un supporto completo per migliorare l&#8217;occupabilit\u00e0 e il benessere attraverso l&#8217;assistenza psicosociale, l&#8217;orientamento professionale e la formazione personale e professionale.<\/p>\n<p>Marted\u00ec 17 alle 11:30 il team di Adelante Canarias terr\u00e0 un workshop di formazione sulle pari opportunit\u00e0 tra uomini e donne, con l&#8217;obiettivo di formare alla parit\u00e0 da una prospettiva interculturale.<\/p>\n<\/div>\n","protected":false},"excerpt":{"rendered":"<p><strong>La Guadelante Canarias Guagua arriva ad Antigua<\/strong><\/p>\n","protected":false},"author":1,"featured_media":5384,"comment_status":"open","ping_status":"open","sticky":false,"template":"","format":"standard","meta":{"inline_featured_image":false,"jnews-multi-image_gallery":[],"jnews_single_post":[],"jnews_primary_category":[],"jnews_social_meta":[],"jnews_override_counter":[],"jnews_post_split":[],"footnotes":""},"categories":[282],"tags":[],"class_list":["post-5388","post","type-post","status-publish","format-standard","has-post-thumbnail","hentry","category-antigua-it"],"jetpack_featured_media_url":"https:\/\/informacionlocal.es\/wp-content\/uploads\/2025\/06\/cartel-adelante-canarias-antigua-1.png","_links":{"self":[{"href":"https:\/\/informacionlocal.es\/it\/wp-json\/wp\/v2\/posts\/5388","targetHints":{"allow":["GET"]}}],"collection":[{"href":"https:\/\/informacionlocal.es\/it\/wp-json\/wp\/v2\/posts"}],"about":[{"href":"https:\/\/informacionlocal.es\/it\/wp-json\/wp\/v2\/types\/post"}],"author":[{"embeddable":true,"href":"https:\/\/informacionlocal.es\/it\/wp-json\/wp\/v2\/users\/1"}],"replies":[{"embeddable":true,"href":"https:\/\/informacionlocal.es\/it\/wp-json\/wp\/v2\/comments?post=5388"}],"version-history":[{"count":0,"href":"https:\/\/informacionlocal.es\/it\/wp-json\/wp\/v2\/posts\/5388\/revisions"}],"wp:featuredmedia":[{"embeddable":true,"href":"https:\/\/informacionlocal.es\/it\/wp-json\/wp\/v2\/media\/5384"}],"wp:attachment":[{"href":"https:\/\/informacionlocal.es\/it\/wp-json\/wp\/v2\/media?parent=5388"}],"wp:term":[{"taxonomy":"category","embeddable":true,"href":"https:\/\/informacionlocal.es\/it\/wp-json\/wp\/v2\/categories?post=5388"},{"taxonomy":"post_tag","embeddable":true,"href":"https:\/\/informacionlocal.es\/it\/wp-json\/wp\/v2\/tags?post=5388"}],"curies":[{"name":"wp","href":"https:\/\/api.w.org\/{rel}","templated":true}]}}