{"id":5375,"date":"2025-06-12T09:12:45","date_gmt":"2025-06-12T09:12:45","guid":{"rendered":"https:\/\/informacionlocal.es\/ambiente-e-turismo-di-la-oliva-rimuovono-la-segnaletica-obsoleta-nel-comune\/"},"modified":"2025-06-12T09:12:45","modified_gmt":"2025-06-12T09:12:45","slug":"ambiente-e-turismo-di-la-oliva-rimuovono-la-segnaletica-obsoleta-nel-comune","status":"publish","type":"post","link":"https:\/\/informacionlocal.es\/it\/ambiente-e-turismo-di-la-oliva-rimuovono-la-segnaletica-obsoleta-nel-comune\/","title":{"rendered":"Ambiente e Turismo di La Oliva rimuovono la segnaletica obsoleta nel comune"},"content":{"rendered":"<p>Il Comune di La Oliva, attraverso gli assessorati all \u201cAmbiente e al Turismo, sotto la guida di David Fajardo, sta procedendo alla rimozione della segnaletica obsoleta nel territorio comunale, concentrandosi sui villaggi di Corralejo, Los Lajares e El Cotillo. Questa azione risponde al desiderio di affrontare l\u201d impatto visivo causato dalla segnaletica pubblica e privata in disuso nei diversi villaggi della zona. <\/p>\n<p>La segnaletica obsoleta che non svolge pi\u00f9 alcuna funzione segnaletica genera molto rumore visivo per gli abitanti e i visitatori, diventando un rifiuto per il Comune. In questo senso, gli operatori ecologici hanno gi\u00e0 iniziato questa azione che proseguir\u00e0 nel tempo per continuare a eliminare questo tipo di rifiuti, promuovendo cos\u00ec la pulizia e la cura del territorio.   <\/p>\n<p>Il sindaco di La Oliva, Isa\u00ed Blanco, afferma: &#8220;Per noi il lavoro svolto dal binomio Ambiente e Turismo continua ad essere una priorit\u00e0, poich\u00e9 la cura del nostro ambiente \u00e8 un fatto che non possiamo trascurare, sia per i locali che per i visitatori del luogo. La rimozione della segnaletica obsoleta \u00e8 senza dubbio un miglioramento dell \u2018immagine del nostro Comune, in quanto eliminiamo quegli elementi inutili che deturpano i nostri villaggi e sono uno spreco per l\u2019 ambiente naturale&#8221;.  <\/p>\n<p>Da parte sua, l &#8220;assessore all&#8221; Ambiente e al Turismo, David Fajardo, sottolinea la necessit\u00e0 di mantenere una supervisione continua di questo tipo di elementi: &#8220;Gli operatori di zona manterranno un lavoro regolare per quanto riguarda la rimozione dei manifesti pubblici e privati che sono obsoleti. Dal punto di vista del Consiglio, si tratta di un \u2018azione molto importante, poich\u00e9 la gestione di questo tipo di rifiuti migliora l\u2019 immagine del nostro Comune a favore di un ambiente pulito e curato, attento alla natura&#8221;.  <\/p>\n<p>Inoltre, \u201cattraverso il lavoro congiunto di entrambi i consigli stiamo ancora una volta segnando il nostro marchio di identit\u00e0 a La Oliva, in cui non contempliamo il turismo o qualsiasi altra azione che non sia consapevole e responsabile con il nostro ambiente naturale\u201d, sottolinea Fajardo.<\/p>\n","protected":false},"excerpt":{"rendered":"<p><span>L&#8217;obiettivo \u00e8 ridurre l&#8217;impatto visivo per gli abitanti e i visitatori dell&#8217;area.<\/span><\/p>\n","protected":false},"author":1,"featured_media":5372,"comment_status":"open","ping_status":"open","sticky":false,"template":"","format":"standard","meta":{"inline_featured_image":false,"jnews-multi-image_gallery":[],"jnews_single_post":[],"jnews_primary_category":[],"jnews_social_meta":[],"jnews_override_counter":[],"jnews_post_split":[],"footnotes":""},"categories":[292],"tags":[205],"class_list":["post-5375","post","type-post","status-publish","format-standard","has-post-thumbnail","hentry","category-la-oliva-it","tag-ambiente"],"jetpack_featured_media_url":"https:\/\/informacionlocal.es\/wp-content\/uploads\/2025\/06\/5213_c78016d6.png","_links":{"self":[{"href":"https:\/\/informacionlocal.es\/it\/wp-json\/wp\/v2\/posts\/5375","targetHints":{"allow":["GET"]}}],"collection":[{"href":"https:\/\/informacionlocal.es\/it\/wp-json\/wp\/v2\/posts"}],"about":[{"href":"https:\/\/informacionlocal.es\/it\/wp-json\/wp\/v2\/types\/post"}],"author":[{"embeddable":true,"href":"https:\/\/informacionlocal.es\/it\/wp-json\/wp\/v2\/users\/1"}],"replies":[{"embeddable":true,"href":"https:\/\/informacionlocal.es\/it\/wp-json\/wp\/v2\/comments?post=5375"}],"version-history":[{"count":0,"href":"https:\/\/informacionlocal.es\/it\/wp-json\/wp\/v2\/posts\/5375\/revisions"}],"wp:featuredmedia":[{"embeddable":true,"href":"https:\/\/informacionlocal.es\/it\/wp-json\/wp\/v2\/media\/5372"}],"wp:attachment":[{"href":"https:\/\/informacionlocal.es\/it\/wp-json\/wp\/v2\/media?parent=5375"}],"wp:term":[{"taxonomy":"category","embeddable":true,"href":"https:\/\/informacionlocal.es\/it\/wp-json\/wp\/v2\/categories?post=5375"},{"taxonomy":"post_tag","embeddable":true,"href":"https:\/\/informacionlocal.es\/it\/wp-json\/wp\/v2\/tags?post=5375"}],"curies":[{"name":"wp","href":"https:\/\/api.w.org\/{rel}","templated":true}]}}