{"id":5353,"date":"2025-06-11T15:29:22","date_gmt":"2025-06-11T15:29:22","guid":{"rendered":"https:\/\/informacionlocal.es\/puerto-del-rosario-inizia-il-recupero-paesaggistico-del-versante-del-risco-prieto\/"},"modified":"2025-06-11T15:29:22","modified_gmt":"2025-06-11T15:29:22","slug":"puerto-del-rosario-inizia-il-recupero-paesaggistico-del-versante-del-risco-prieto","status":"publish","type":"post","link":"https:\/\/informacionlocal.es\/it\/puerto-del-rosario-inizia-il-recupero-paesaggistico-del-versante-del-risco-prieto\/","title":{"rendered":"Puerto del Rosario inizia il recupero paesaggistico del versante del Risco Prieto."},"content":{"rendered":"<div class=\"entry-content\">\n<p>Il Comune di Puerto del Rosario, attraverso il Dipartimento Parchi e Giardini, ha iniziato questa settimana i lavori di ripristino dell \u201carea paesaggistica della pista del Risco Prieto, uno spazio emblematico che viene nuovamente valorizzato nell\u201d ambito del piano di abbellimento e miglioramento delle aree verdi del Comune.<\/p>\n<p>Questi lavori, eseguiti dal team Giardini del Comune, comprendono un intervento specializzato in lavori verticali, date le caratteristiche topografiche del pendio. I lavori comprendono la pulizia della superficie, la sostituzione di specie vegetali adatte all&#8217;ambiente e la stabilizzazione estetica e funzionale del terreno per offrire uno spazio pi\u00f9 piacevole e visivamente attraente sia per i residenti che per i visitatori. <\/p>\n<p>Il <strong>sindaco di Puerto del Rosario,<\/strong><strong>David de Vera<\/strong>, ha voluto sottolineare il valore di questa azione, evidenziando che <em>&#8220;il miglioramento degli spazi verdi \u00e8 una priorit\u00e0 per questo gruppo di governo. Recuperare luoghi come la pista di Risco Prieto non \u00e8 solo un intervento paesaggistico, ma anche un gesto di impegno per la qualit\u00e0 della vita dei cittadini e l&#8217;immagine del Comune&#8221;.<\/em><\/p>\n<p>Da parte sua, l&#8217;<strong>assessore ai Parchi e Giardini,<\/strong><strong>Erica Gonz\u00e1lez<\/strong>, ha espressamente ringraziato il lavoro del personale coinvolto in questo progetto: <em>&#8220;questo tipo di intervento richiede una preparazione tecnica specializzata. Per questo motivo, \u00e8 giusto riconoscere lo sforzo e la professionalit\u00e0 del team dei Giardini, la cui dedizione rende possibile il restauro di aree complesse come questa&#8221;.<\/em><\/p>\n<p>Questo intervento fa parte di un piano d \u201cazione pi\u00f9 ampio che prevede il miglioramento complessivo di diversi spazi verdi in vari quartieri del comune, con l\u201d obiettivo di creare un ambiente urbano pi\u00f9 sostenibile, accessibile e curato.<\/p>\n<\/div>\n","protected":false},"excerpt":{"rendered":"<p>Il Comune di Puerto del Rosario, attraverso il Dipartimento Parchi e Giardini, ha iniziato questa settimana i lavori di ripristino dell \u201carea paesaggistica della pista del Risco Prieto, uno spazio [&hellip;]<\/p>\n","protected":false},"author":1,"featured_media":5348,"comment_status":"open","ping_status":"open","sticky":false,"template":"","format":"standard","meta":{"inline_featured_image":false,"jnews-multi-image_gallery":[],"jnews_single_post":[],"jnews_primary_category":[],"jnews_social_meta":[],"jnews_override_counter":[],"jnews_post_split":[],"footnotes":""},"categories":[295],"tags":[],"class_list":["post-5353","post","type-post","status-publish","format-standard","has-post-thumbnail","hentry","category-puerto-del-rosario-it"],"jetpack_featured_media_url":"https:\/\/informacionlocal.es\/wp-content\/uploads\/2025\/06\/talud-22-0625.jpg","_links":{"self":[{"href":"https:\/\/informacionlocal.es\/it\/wp-json\/wp\/v2\/posts\/5353","targetHints":{"allow":["GET"]}}],"collection":[{"href":"https:\/\/informacionlocal.es\/it\/wp-json\/wp\/v2\/posts"}],"about":[{"href":"https:\/\/informacionlocal.es\/it\/wp-json\/wp\/v2\/types\/post"}],"author":[{"embeddable":true,"href":"https:\/\/informacionlocal.es\/it\/wp-json\/wp\/v2\/users\/1"}],"replies":[{"embeddable":true,"href":"https:\/\/informacionlocal.es\/it\/wp-json\/wp\/v2\/comments?post=5353"}],"version-history":[{"count":0,"href":"https:\/\/informacionlocal.es\/it\/wp-json\/wp\/v2\/posts\/5353\/revisions"}],"wp:featuredmedia":[{"embeddable":true,"href":"https:\/\/informacionlocal.es\/it\/wp-json\/wp\/v2\/media\/5348"}],"wp:attachment":[{"href":"https:\/\/informacionlocal.es\/it\/wp-json\/wp\/v2\/media?parent=5353"}],"wp:term":[{"taxonomy":"category","embeddable":true,"href":"https:\/\/informacionlocal.es\/it\/wp-json\/wp\/v2\/categories?post=5353"},{"taxonomy":"post_tag","embeddable":true,"href":"https:\/\/informacionlocal.es\/it\/wp-json\/wp\/v2\/tags?post=5353"}],"curies":[{"name":"wp","href":"https:\/\/api.w.org\/{rel}","templated":true}]}}