{"id":5341,"date":"2025-06-11T15:24:56","date_gmt":"2025-06-11T15:24:56","guid":{"rendered":"https:\/\/informacionlocal.es\/puerto-del-rosario-condanna-gli-atti-di-vandalismo-nelle-aree-picnic-di-la-matilla-e-tesjuate\/"},"modified":"2025-06-11T15:24:56","modified_gmt":"2025-06-11T15:24:56","slug":"puerto-del-rosario-condanna-gli-atti-di-vandalismo-nelle-aree-picnic-di-la-matilla-e-tesjuate","status":"publish","type":"post","link":"https:\/\/informacionlocal.es\/it\/puerto-del-rosario-condanna-gli-atti-di-vandalismo-nelle-aree-picnic-di-la-matilla-e-tesjuate\/","title":{"rendered":"Puerto del Rosario condanna gli atti di vandalismo nelle aree picnic di La Matilla e Tesjuate."},"content":{"rendered":"<div class=\"entry-content\">\n<p>Il Comune di Puerto del Rosario si rammarica profondamente per i recenti atti di vandalismo perpetrati in due spazi pubblici del municipio, in particolare nelle aree picnic di La Matilla e Tesjuate, dove sono stati rubati diversi pezzi di legno che costituivano le nuove panchine installate qualche settimana fa.<\/p>\n<p>Queste strutture sono state ristrutturate nell&#8217;ambito del piano di miglioramento delle aree ricreative del comune, un&#8217;azione volta a promuovere gli incontri di quartiere, il sano svago all&#8217;aria aperta e la fruizione degli spazi naturali. Il furto di parte degli arredi non solo rappresenta un attacco al patrimonio pubblico, ma impedisce ai residenti di usufruire di infrastrutture pensate per il loro benessere. <\/p>\n<p>Il sindaco di Puerto del Rosario, <strong>David de Vera<\/strong>, ha espresso la sua indignazione per quanto accaduto: <em>&#8220;\u00c8 inaccettabile che una minoranza agisca con questa mancanza di civilt\u00e0 e di rispetto per ci\u00f2 che appartiene a tutti. Dal Municipio non solo condanniamo questi fatti, ma collaboreremo con le forze di sicurezza per chiarire l&#8217;accaduto e sostituire al pi\u00f9 presto i mobili danneggiati o rubati&#8221;.<\/em><\/p>\n<p><em> <\/em>Da parte sua, l&#8217;assessore ai Parchi e Giardini, <strong>Erica Gonz\u00e1lez<\/strong>, ha ricordato lo sforzo compiuto dall&#8217;amministrazione locale per mantenere queste aree in condizioni ottimali: <em>&#8220;ogni miglioramento degli spazi pubblici \u00e8 realizzato con risorse comunali e con il beneficio di tutti i residenti. Questi atti sono un passo indietro ingiustificabile. Chiediamo ai cittadini di collaborare nel denunciare comportamenti incivili che danneggiano il nostro ambiente e l&#8217;intera comunit\u00e0&#8221;.<\/em><\/p>\n<p>Il Municipio ha gi\u00e0 iniziato a sostituire le panchine danneggiate e rafforzer\u00e0 le misure di sorveglianza in queste aree. Chiunque abbia assistito o abbia informazioni sull&#8217;incidente \u00e8 invitato a contattare la polizia locale o la Guardia Civil. <\/p>\n<p>Puerto del Rosario ribadisce il suo impegno per la cura e la conservazione degli spazi pubblici e non smetter\u00e0 di impegnarsi affinch\u00e9 questi rimangano luoghi sicuri e accoglienti per tutti.<\/p>\n<\/div>\n","protected":false},"excerpt":{"rendered":"<p>Il Comune di Puerto del Rosario si rammarica profondamente per i recenti atti di vandalismo perpetrati in due spazi pubblici del municipio, in particolare nelle aree picnic di La Matilla [&hellip;]<\/p>\n","protected":false},"author":1,"featured_media":5336,"comment_status":"open","ping_status":"open","sticky":false,"template":"","format":"standard","meta":{"inline_featured_image":false,"jnews-multi-image_gallery":[],"jnews_single_post":[],"jnews_primary_category":[],"jnews_social_meta":[],"jnews_override_counter":[],"jnews_post_split":[],"footnotes":""},"categories":[295],"tags":[247],"class_list":["post-5341","post","type-post","status-publish","format-standard","has-post-thumbnail","hentry","category-puerto-del-rosario-it","tag-formalita"],"jetpack_featured_media_url":"https:\/\/informacionlocal.es\/wp-content\/uploads\/2025\/06\/vandalismo-titu-mesas-1-110625.jpg","_links":{"self":[{"href":"https:\/\/informacionlocal.es\/it\/wp-json\/wp\/v2\/posts\/5341","targetHints":{"allow":["GET"]}}],"collection":[{"href":"https:\/\/informacionlocal.es\/it\/wp-json\/wp\/v2\/posts"}],"about":[{"href":"https:\/\/informacionlocal.es\/it\/wp-json\/wp\/v2\/types\/post"}],"author":[{"embeddable":true,"href":"https:\/\/informacionlocal.es\/it\/wp-json\/wp\/v2\/users\/1"}],"replies":[{"embeddable":true,"href":"https:\/\/informacionlocal.es\/it\/wp-json\/wp\/v2\/comments?post=5341"}],"version-history":[{"count":0,"href":"https:\/\/informacionlocal.es\/it\/wp-json\/wp\/v2\/posts\/5341\/revisions"}],"wp:featuredmedia":[{"embeddable":true,"href":"https:\/\/informacionlocal.es\/it\/wp-json\/wp\/v2\/media\/5336"}],"wp:attachment":[{"href":"https:\/\/informacionlocal.es\/it\/wp-json\/wp\/v2\/media?parent=5341"}],"wp:term":[{"taxonomy":"category","embeddable":true,"href":"https:\/\/informacionlocal.es\/it\/wp-json\/wp\/v2\/categories?post=5341"},{"taxonomy":"post_tag","embeddable":true,"href":"https:\/\/informacionlocal.es\/it\/wp-json\/wp\/v2\/tags?post=5341"}],"curies":[{"name":"wp","href":"https:\/\/api.w.org\/{rel}","templated":true}]}}