{"id":5329,"date":"2025-06-11T12:38:57","date_gmt":"2025-06-11T12:38:57","guid":{"rendered":"https:\/\/informacionlocal.es\/la-oliva-convoca-una-riunione-tecnica-con-i-proprietari-della-plaza-de-la-musica-di-corralejo\/"},"modified":"2025-06-11T12:38:57","modified_gmt":"2025-06-11T12:38:57","slug":"la-oliva-convoca-una-riunione-tecnica-con-i-proprietari-della-plaza-de-la-musica-di-corralejo","status":"publish","type":"post","link":"https:\/\/informacionlocal.es\/it\/la-oliva-convoca-una-riunione-tecnica-con-i-proprietari-della-plaza-de-la-musica-di-corralejo\/","title":{"rendered":"La Oliva convoca una riunione tecnica con i proprietari della Plaza de la M\u00fasica di Corralejo."},"content":{"rendered":"<p>Il Comune di La Oliva, attraverso l \u201cAssessorato al Commercio, diretto da Alexandra Mart\u00edn, convoca una riunione tecnica con i proprietari della Plaza de la M\u00fasica insieme ai tecnici comunali e alla partecipazione dell\u201d Assessorato all \u201cUrbanistica, diretto da David Hern\u00e1ndez, e dell\u201d Assessorato al Traffico, diretto da Christian Rodr\u00edguez.  <\/p>\n<p>Lo scopo principale dell \u201cincontro \u00e8 stato quello di analizzare la situazione attuale dell\u201d ambiente e di lavorare insieme alla ricerca di soluzioni che favoriscano l \u201cordine, la convivenza e l\u201d armonia in questo emblematico punto di incontro del comune.  <\/p>\n<p>Il sindaco di La Oliva, Isa\u00ed Blanco, afferma: \u201cDa parte del Comune, riteniamo necessario dare priorit\u00e0 al coinvolgimento attivo dei proprietari in questo processo, dando loro voce e ascoltando le loro proposte, al fine di garantire che le misure adottate rispondano alle reali esigenze dello spazio e contribuiscano al suo miglioramento sia per gli utenti che per i vicini e i visitatori\u201d.  <\/p>\n<p>Da parte sua, l &#8220;assessore al Commercio, Alexandra Mart\u00edn, sottolinea l&#8221; importanza di &#8220;aprire canali di comunicazione diretta ed efficace con i proprietari, che sono attori fondamentali per la rivitalizzazione e il buon funzionamento di Plaza de la M\u00fasica. L \u2018obiettivo \u00e8 che questo spazio continui a essere un punto di riferimento per la convivenza, l\u2019 attivit\u00e0 commerciale ordinata e il rispetto reciproco&#8221;.  <\/p>\n<p>L&#8217;assessore all&#8217;Urbanistica, David Hern\u00e1ndez, sottolinea inoltre &#8220;la necessit\u00e0 di pianificare e adattare quest&#8217;area con una visione a lungo termine, assicurando che il suo sviluppo sia ordinato, accessibile e sostenibile per tutti&#8221;.  <\/p>\n<p>Infine, l&#8217;assessore al Traffico, Christian Rodr\u00edguez, aggiunge: &#8220;Il miglioramento della mobilit\u00e0 e della circolazione intorno alla piazza \u00e8 un elemento chiave per il corretto funzionamento di questo spazio, garantendo sicurezza e fluidit\u00e0 per i vicini e i visitatori&#8221;.<\/p>\n","protected":false},"excerpt":{"rendered":"<p><span>L \u201cobiettivo \u00e8 quello di stabilire un consenso tra le parti coinvolte per regolamentare e organizzare le terrazze situate in quest\u201d area.<\/span><\/p>\n","protected":false},"author":1,"featured_media":5324,"comment_status":"open","ping_status":"open","sticky":false,"template":"","format":"standard","meta":{"inline_featured_image":false,"jnews-multi-image_gallery":[],"jnews_single_post":[],"jnews_primary_category":[],"jnews_social_meta":[],"jnews_override_counter":[],"jnews_post_split":[],"footnotes":""},"categories":[292],"tags":[],"class_list":["post-5329","post","type-post","status-publish","format-standard","has-post-thumbnail","hentry","category-la-oliva-it"],"jetpack_featured_media_url":"https:\/\/informacionlocal.es\/wp-content\/uploads\/2025\/06\/5212_b0e108d2.png","_links":{"self":[{"href":"https:\/\/informacionlocal.es\/it\/wp-json\/wp\/v2\/posts\/5329","targetHints":{"allow":["GET"]}}],"collection":[{"href":"https:\/\/informacionlocal.es\/it\/wp-json\/wp\/v2\/posts"}],"about":[{"href":"https:\/\/informacionlocal.es\/it\/wp-json\/wp\/v2\/types\/post"}],"author":[{"embeddable":true,"href":"https:\/\/informacionlocal.es\/it\/wp-json\/wp\/v2\/users\/1"}],"replies":[{"embeddable":true,"href":"https:\/\/informacionlocal.es\/it\/wp-json\/wp\/v2\/comments?post=5329"}],"version-history":[{"count":0,"href":"https:\/\/informacionlocal.es\/it\/wp-json\/wp\/v2\/posts\/5329\/revisions"}],"wp:featuredmedia":[{"embeddable":true,"href":"https:\/\/informacionlocal.es\/it\/wp-json\/wp\/v2\/media\/5324"}],"wp:attachment":[{"href":"https:\/\/informacionlocal.es\/it\/wp-json\/wp\/v2\/media?parent=5329"}],"wp:term":[{"taxonomy":"category","embeddable":true,"href":"https:\/\/informacionlocal.es\/it\/wp-json\/wp\/v2\/categories?post=5329"},{"taxonomy":"post_tag","embeddable":true,"href":"https:\/\/informacionlocal.es\/it\/wp-json\/wp\/v2\/tags?post=5329"}],"curies":[{"name":"wp","href":"https:\/\/api.w.org\/{rel}","templated":true}]}}