{"id":5289,"date":"2025-06-11T11:03:06","date_gmt":"2025-06-11T11:03:06","guid":{"rendered":"https:\/\/informacionlocal.es\/aguas-de-antigua-ha-appaltato-o-formalizzato-cinque-contratti-per-un-valore-di-650-000-euro-in-cinque-mesi\/"},"modified":"2025-06-11T11:03:06","modified_gmt":"2025-06-11T11:03:06","slug":"aguas-de-antigua-ha-appaltato-o-formalizzato-cinque-contratti-per-un-valore-di-650-000-euro-in-cinque-mesi","status":"publish","type":"post","link":"https:\/\/informacionlocal.es\/it\/aguas-de-antigua-ha-appaltato-o-formalizzato-cinque-contratti-per-un-valore-di-650-000-euro-in-cinque-mesi\/","title":{"rendered":"Aguas de Antigua ha appaltato o formalizzato cinque contratti per un valore di 650.000 euro in cinque mesi"},"content":{"rendered":"<div class=\"elementor-widget-container\">\n<p><strong>Aguas de Antigua ha appaltato o formalizzato cinque contratti per un valore di 650.000 euro in cinque mesi<\/strong><\/p>\n<p><strong>&#8211; Il Comune di Antigua \u00e8 l \u201cazionista di maggioranza della societ\u00e0 mista Aguas de Antigua, che partecipa alla gestione dell\u201d approvvigionamento idrico di Caleta de Fuste e della zona costiera del comune.  <\/strong><br \/><strong>&#8211; Aguas de Antigua sta investendo nel futuro e nelle nuove tecnologie, implementando il sistema di misurazione intelligente nel 90% dei suoi contatori, raggiungendo il 100% entro il 2025.<\/strong><\/p>\n<p>L&#8217;Empresa Mixta Aguas de Antigua ha tenuto il suo Consiglio di Amministrazione, presieduto dal sindaco Mat\u00edas Pe\u00f1a Garc\u00eda, marted\u00ec 11 giugno, valutando, tra gli altri punti, la collaborazione mantenuta con il CAAF nella fornitura di acqua, nonch\u00e9 le ultime gare d&#8217;appalto aggiudicate o formalizzate nell&#8217;anno in corso, oltre alla previsione di ulteriori investimenti che confermano la qualit\u00e0 e l&#8217;impegno per il futuro dell&#8217;azienda.<\/p>\n<p>Aguas de Antigua \u00e8 un \u201cazienda dinamica, in continuo rinnovamento, che punta sempre a migliorare l\u201d approvvigionamento idrico dei residenti e degli abbonati di Caleta de Fuste e delle localit\u00e0 costiere del comune, afferma il sindaco, come dimostra l \u201caver appaltato, assegnato o formalizzato nei primi cinque mesi dell\u201d anno 2025, cinque contratti per un valore totale di 650.188,62 euro.188,62 euro, per la ristrutturazione dei moduli 3 e 4 del Centro di produzione per 249.708,62 euro, l \u201cacquisto di una terna per 93.000 euro, il servizio di trasporto di fanghi e rifiuti per 63.000 euro, la pulizia degli impianti del ciclo integrale dell\u201d acqua per 160.000 euro e la fornitura di carburante per 84.480 euro.<\/p>\n<p>Il Comune di Antigua \u00e8 l \u201cazionista di maggioranza dell\u201d Empresa Mixta Aguas de Antigua, dando priorit\u00e0 all \u201cintervento immediato in caso di incidenti nella rete di distribuzione, a sua volta monitorata per la localizzazione dalla sede centrale. In questo senso, conclude il sindaco, uno degli obiettivi di quest\u201d anno \u00e8 l \u201cimplementazione del sistema di telelettura intelligente nel 100% dei contatori, installato ad oggi nell\u201d 87,55% di un totale di 3.599 unit\u00e0. <\/p>\n<\/div>\n","protected":false},"excerpt":{"rendered":"<p><strong>Aguas de Antigua ha appaltato o formalizzato cinque contratti per un valore di 650.000 euro in cinque mesi<\/strong><\/p>\n","protected":false},"author":1,"featured_media":5284,"comment_status":"open","ping_status":"open","sticky":false,"template":"","format":"standard","meta":{"inline_featured_image":false,"jnews-multi-image_gallery":[],"jnews_single_post":[],"jnews_primary_category":[],"jnews_social_meta":[],"jnews_override_counter":[],"jnews_post_split":[],"footnotes":""},"categories":[282],"tags":[],"class_list":["post-5289","post","type-post","status-publish","format-standard","has-post-thumbnail","hentry","category-antigua-it"],"jetpack_featured_media_url":"https:\/\/informacionlocal.es\/wp-content\/uploads\/2025\/06\/el-alcalde-preside-el-consejo-de-administracion-de-aguas-de-antigua-2-scaled-1.jpg","_links":{"self":[{"href":"https:\/\/informacionlocal.es\/it\/wp-json\/wp\/v2\/posts\/5289","targetHints":{"allow":["GET"]}}],"collection":[{"href":"https:\/\/informacionlocal.es\/it\/wp-json\/wp\/v2\/posts"}],"about":[{"href":"https:\/\/informacionlocal.es\/it\/wp-json\/wp\/v2\/types\/post"}],"author":[{"embeddable":true,"href":"https:\/\/informacionlocal.es\/it\/wp-json\/wp\/v2\/users\/1"}],"replies":[{"embeddable":true,"href":"https:\/\/informacionlocal.es\/it\/wp-json\/wp\/v2\/comments?post=5289"}],"version-history":[{"count":0,"href":"https:\/\/informacionlocal.es\/it\/wp-json\/wp\/v2\/posts\/5289\/revisions"}],"wp:featuredmedia":[{"embeddable":true,"href":"https:\/\/informacionlocal.es\/it\/wp-json\/wp\/v2\/media\/5284"}],"wp:attachment":[{"href":"https:\/\/informacionlocal.es\/it\/wp-json\/wp\/v2\/media?parent=5289"}],"wp:term":[{"taxonomy":"category","embeddable":true,"href":"https:\/\/informacionlocal.es\/it\/wp-json\/wp\/v2\/categories?post=5289"},{"taxonomy":"post_tag","embeddable":true,"href":"https:\/\/informacionlocal.es\/it\/wp-json\/wp\/v2\/tags?post=5289"}],"curies":[{"name":"wp","href":"https:\/\/api.w.org\/{rel}","templated":true}]}}