{"id":5261,"date":"2025-06-11T08:41:05","date_gmt":"2025-06-11T08:41:05","guid":{"rendered":"https:\/\/informacionlocal.es\/la-polizia-locale-arresta-un-giovane-per-traffico-di-droga-a-corralejo\/"},"modified":"2025-06-11T08:41:05","modified_gmt":"2025-06-11T08:41:05","slug":"la-polizia-locale-arresta-un-giovane-per-traffico-di-droga-a-corralejo","status":"publish","type":"post","link":"https:\/\/informacionlocal.es\/it\/la-polizia-locale-arresta-un-giovane-per-traffico-di-droga-a-corralejo\/","title":{"rendered":"La polizia locale arresta un giovane per traffico di droga a Corralejo"},"content":{"rendered":"<p>La Squadra di Sicurezza di La Oliva, nello specifico la Polizia Locale, ha arrestato un uomo di 27 anni per un reato contro la salute pubblica. L \u201cuomo arrestato non solo guidava sotto l\u201d effetto dell \u201calcol con un tasso alcolemico superiore a 0,75 milligrammi per libro di aria espirata, ma trasportava anche 8 pacchetti all\u201d interno del veicolo che presumibilmente contenevano sostanze stupefacenti. <\/p>\n<p>Questo lavoro di individuazione del consumo o del possesso di droga \u00e8 stato possibile grazie al lavoro congiunto delle forze di sicurezza insieme all&#8217;UCAN (Unit\u00e0 Canina) della Polizia Locale e sotto la guida del sindaco e consigliere della zona, Isa\u00ed Blanco. Dopo la ricerca e la localizzazione da parte dei canini Kata e Niko, la Polizia Locale ha arrestato il giovane e lo ha messo a disposizione della magistratura per i reati di Salute Pubblica e Sicurezza Stradale. <\/p>\n<p>Finora, nel 2025, la Polizia Locale di La Oliva ha trattato denunce contro pi\u00f9 di 300 persone per consumo o possesso di sostanze stupefacenti sulle strade pubbliche, una cifra che gi\u00e0 supera il totale di tutto il 2024. Pertanto, \u00e8 evidente non solo l \u201cincorporazione dell\u201d UCAN, ma anche l \u201cintensificazione del lavoro della polizia nella lotta contro lo spaccio di droga nel comune, con l\u201d obiettivo di garantire la sicurezza pubblica e proteggere il benessere dei residenti. <\/p>\n<p>La Polizia Locale di La Oliva ricorda alla popolazione l&#8217;importanza di rispettare le regole del traffico e di collaborare con le autorit\u00e0.<\/p>\n","protected":false},"excerpt":{"rendered":"<p><span>Il Corpo di Sicurezza \u00e8 riuscito a trattare pi\u00f9 di 300 denunce per consumo e possesso di droga sulle strade pubbliche, una cifra che supera il totale per tutto il 2024.<\/span><\/p>\n","protected":false},"author":1,"featured_media":5260,"comment_status":"open","ping_status":"open","sticky":false,"template":"","format":"standard","meta":{"inline_featured_image":false,"jnews-multi-image_gallery":[],"jnews_single_post":[],"jnews_primary_category":[],"jnews_social_meta":[],"jnews_override_counter":[],"jnews_post_split":[],"footnotes":""},"categories":[292],"tags":[],"class_list":["post-5261","post","type-post","status-publish","format-standard","has-post-thumbnail","hentry","category-la-oliva-it"],"jetpack_featured_media_url":"https:\/\/informacionlocal.es\/wp-content\/uploads\/2025\/06\/5211_e6354c99.png","_links":{"self":[{"href":"https:\/\/informacionlocal.es\/it\/wp-json\/wp\/v2\/posts\/5261","targetHints":{"allow":["GET"]}}],"collection":[{"href":"https:\/\/informacionlocal.es\/it\/wp-json\/wp\/v2\/posts"}],"about":[{"href":"https:\/\/informacionlocal.es\/it\/wp-json\/wp\/v2\/types\/post"}],"author":[{"embeddable":true,"href":"https:\/\/informacionlocal.es\/it\/wp-json\/wp\/v2\/users\/1"}],"replies":[{"embeddable":true,"href":"https:\/\/informacionlocal.es\/it\/wp-json\/wp\/v2\/comments?post=5261"}],"version-history":[{"count":0,"href":"https:\/\/informacionlocal.es\/it\/wp-json\/wp\/v2\/posts\/5261\/revisions"}],"wp:featuredmedia":[{"embeddable":true,"href":"https:\/\/informacionlocal.es\/it\/wp-json\/wp\/v2\/media\/5260"}],"wp:attachment":[{"href":"https:\/\/informacionlocal.es\/it\/wp-json\/wp\/v2\/media?parent=5261"}],"wp:term":[{"taxonomy":"category","embeddable":true,"href":"https:\/\/informacionlocal.es\/it\/wp-json\/wp\/v2\/categories?post=5261"},{"taxonomy":"post_tag","embeddable":true,"href":"https:\/\/informacionlocal.es\/it\/wp-json\/wp\/v2\/tags?post=5261"}],"curies":[{"name":"wp","href":"https:\/\/api.w.org\/{rel}","templated":true}]}}