{"id":5216,"date":"2025-06-10T12:59:05","date_gmt":"2025-06-10T12:59:05","guid":{"rendered":"https:\/\/informacionlocal.es\/antigua-ringrazia-e-si-congratula-con-lecca-per-il-lavoro-educativo-svolto-con-tante-generazioni-di-vicini\/"},"modified":"2025-06-10T12:59:05","modified_gmt":"2025-06-10T12:59:05","slug":"antigua-ringrazia-e-si-congratula-con-lecca-per-il-lavoro-educativo-svolto-con-tante-generazioni-di-vicini","status":"publish","type":"post","link":"https:\/\/informacionlocal.es\/it\/antigua-ringrazia-e-si-congratula-con-lecca-per-il-lavoro-educativo-svolto-con-tante-generazioni-di-vicini\/","title":{"rendered":"Antigua ringrazia e si congratula con l&#8217;ECCA per il lavoro educativo svolto con tante generazioni di vicini."},"content":{"rendered":"<div class=\"elementor-widget-container\">\n<p><strong>Antigua ringrazia e si congratula con l&#8217;ECCA per il lavoro educativo svolto con tante generazioni di vicini.<\/strong><\/p>\n<p><strong>&#8211; La mostra itinerante di Ecca.edu nella Biblioteca di Antigua pu\u00f2 essere visitata questo marted\u00ec 10 e domani mercoled\u00ec 11 giugno, dalle 09:00 alle 13:00 e dalle 17:00 alle 19:00.<\/strong><br \/><strong>&#8211; Il Comune di Antigua mantiene la sovvenzione specifica per sostenere l \u201ciscrizione degli adulti a Ecca.Edu per ottenere l\u201d istruzione secondaria e il diploma di maturit\u00e0.  <\/strong><br \/><strong>&#8211; Il sindaco ringrazia Ecca.Edu per il suo lavoro educativo e di confronto, che ha raggiunto un record di iscrizioni ad Antigua con 52 studenti.<\/strong><\/p>\n<div class=\"wp-video\"><video class=\"wp-video-shortcode\" id=\"video-8889-1\" width=\"640\" height=\"360\" preload=\"metadata\" controls=\"controls\"><source type=\"video\/mp4\" src=\"https:\/\/ayto-antigua.es\/wp-content\/uploads\/2025\/06\/video-60-aniversario.mp4?_=1\" \/><\/video><\/div>\n<p>Con una candela e la radio transistor Ecca, \u00e8 cos\u00ec che ho studiato e imparato tante cose&#8221;, ha ricordato uno dei vicini della biblioteca di Antigua che ha voluto congratularsi di persona con i responsabili di Ecca.Edu, un \u201centit\u00e0 che festeggia i 60 anni di trasformazione delle vite attraverso l\u201d istruzione.<\/p>\n<p>Grazie a Ecca, ha detto il sindaco di Antigua, Mat\u00edas Pe\u00f1a, nata 60 anni fa nelle Isole Canarie, con una sensibilit\u00e0 canaria e un impegno educativo, sociale e diretto chiaro e diretto, ha aggiunto il sindaco, molte sono le generazioni e i vicini che hanno studiato e imparato, e molti sono quelli che continuano a formarsi oggi sempre con vicinanza e affetto.<\/p>\n<p>L&#8217;Assessore all&#8217;Istruzione, Am\u00e9rica Soto, si \u00e8 unita al Sindaco nel congratularsi, insieme agli studenti presenti, con la Delegata di Ecca a Fuerteventura, Carmen Nieves Hern\u00e1ndez D\u00edaz e soprattutto con l&#8217;insegnante di Antigua, Guacimara De Le\u00f3n Brito, per il loro lavoro quotidiano e in loco che ha permesso a studenti adulti che non credevano possibile ottenere il diploma.<\/p>\n<p>Il Comune di Antigua mantiene la sovvenzione specifica per sostenere l&#8217;iscrizione degli adulti a Ecca.Edu per ottenere il titolo di istruzione secondaria e di maturit\u00e0, sostenendo in questo corso, dice il consigliere Soto Betancor, 22 studenti su un totale record di 52 iscritti nel Comune.<\/p>\n<p>La mostra itinerante di Ecca.edu nella Biblioteca di Antigua pu\u00f2 essere visitata questo marted\u00ec 10 e domani mercoled\u00ec 11 giugno, dalle 09:00 alle 13:00 e dalle 17:00 alle 19:00.<\/p>\n<\/div>\n","protected":false},"excerpt":{"rendered":"<p><strong>Antigua ringrazia e si congratula con l&#8217;ECCA per il lavoro educativo svolto con tante generazioni di vicini.<\/strong><\/p>\n","protected":false},"author":1,"featured_media":5212,"comment_status":"open","ping_status":"open","sticky":false,"template":"","format":"standard","meta":{"inline_featured_image":false,"jnews-multi-image_gallery":[],"jnews_single_post":[],"jnews_primary_category":[],"jnews_social_meta":[],"jnews_override_counter":[],"jnews_post_split":[],"footnotes":""},"categories":[282],"tags":[309,223],"class_list":["post-5216","post","type-post","status-publish","format-standard","has-post-thumbnail","hentry","category-antigua-it","tag-educacion-it","tag-fuerteventura-it"],"jetpack_featured_media_url":"https:\/\/informacionlocal.es\/wp-content\/uploads\/2025\/06\/gracias-por-60-anos-de-historia-de-la-educacion-para-todos-2-scaled-1.jpg","_links":{"self":[{"href":"https:\/\/informacionlocal.es\/it\/wp-json\/wp\/v2\/posts\/5216","targetHints":{"allow":["GET"]}}],"collection":[{"href":"https:\/\/informacionlocal.es\/it\/wp-json\/wp\/v2\/posts"}],"about":[{"href":"https:\/\/informacionlocal.es\/it\/wp-json\/wp\/v2\/types\/post"}],"author":[{"embeddable":true,"href":"https:\/\/informacionlocal.es\/it\/wp-json\/wp\/v2\/users\/1"}],"replies":[{"embeddable":true,"href":"https:\/\/informacionlocal.es\/it\/wp-json\/wp\/v2\/comments?post=5216"}],"version-history":[{"count":0,"href":"https:\/\/informacionlocal.es\/it\/wp-json\/wp\/v2\/posts\/5216\/revisions"}],"wp:featuredmedia":[{"embeddable":true,"href":"https:\/\/informacionlocal.es\/it\/wp-json\/wp\/v2\/media\/5212"}],"wp:attachment":[{"href":"https:\/\/informacionlocal.es\/it\/wp-json\/wp\/v2\/media?parent=5216"}],"wp:term":[{"taxonomy":"category","embeddable":true,"href":"https:\/\/informacionlocal.es\/it\/wp-json\/wp\/v2\/categories?post=5216"},{"taxonomy":"post_tag","embeddable":true,"href":"https:\/\/informacionlocal.es\/it\/wp-json\/wp\/v2\/tags?post=5216"}],"curies":[{"name":"wp","href":"https:\/\/api.w.org\/{rel}","templated":true}]}}